{"id":4930,"date":"2023-11-13T11:16:39","date_gmt":"2023-11-13T10:16:39","guid":{"rendered":"https:\/\/sonnenhof-sonnhalde.de\/?p=4930"},"modified":"2024-11-11T15:27:00","modified_gmt":"2024-11-11T14:27:00","slug":"hotel-sonnhalde-saunalandschaft","status":"publish","type":"post","link":"https:\/\/sonnenhof-sonnhalde.de\/de_de\/hotel-sonnhalde-saunalandschaft\/","title":{"rendered":"Hotel Sonnhalde &#8211; Saunalandschaft"},"content":{"rendered":"\t\t<div data-elementor-type=\"wp-post\" data-elementor-id=\"4930\" class=\"elementor elementor-4930\" data-elementor-post-type=\"post\">\n\t\t\t\t<div class=\"elementor-element elementor-element-0fa3455 e-con-full e-flex e-con e-parent\" data-id=\"0fa3455\" data-element_type=\"container\" data-e-type=\"container\" data-settings=\"{&quot;background_background&quot;:&quot;video&quot;,&quot;background_video_start&quot;:2,&quot;background_video_end&quot;:15}\">\n\t\t\t\t<div class=\"elementor-element elementor-element-48d0d16 elementor-widget elementor-widget-spacer\" data-id=\"48d0d16\" data-element_type=\"widget\" data-e-type=\"widget\" data-widget_type=\"spacer.default\">\n\t\t\t\t<div class=\"elementor-widget-container\">\n\t\t\t\t\t\t\t<div class=\"elementor-spacer\">\n\t\t\t<div class=\"elementor-spacer-inner\"><\/div>\n\t\t<\/div>\n\t\t\t\t\t\t<\/div>\n\t\t\t\t<\/div>\n\t\t\t\t<div class=\"elementor-element elementor-element-fef5107 elementor-widget elementor-widget-image\" data-id=\"fef5107\" data-element_type=\"widget\" data-e-type=\"widget\" data-widget_type=\"image.default\">\n\t\t\t\t<div class=\"elementor-widget-container\">\n\t\t\t\t\t\t\t\t\t\t\t\t\t\t\t<img fetchpriority=\"high\" decoding=\"async\" width=\"300\" height=\"300\" src=\"https:\/\/sonnenhof-sonnhalde.de\/wp-content\/uploads\/2024\/07\/Sonnenhof_Logo_nur_Sonne_ohne_weissen_Hintergrund-300x300.webp\" class=\"attachment-medium size-medium wp-image-7436\" alt=\"\" srcset=\"https:\/\/sonnenhof-sonnhalde.de\/wp-content\/uploads\/2024\/07\/Sonnenhof_Logo_nur_Sonne_ohne_weissen_Hintergrund-300x300.webp 300w, https:\/\/sonnenhof-sonnhalde.de\/wp-content\/uploads\/2024\/07\/Sonnenhof_Logo_nur_Sonne_ohne_weissen_Hintergrund-150x150.webp 150w, https:\/\/sonnenhof-sonnhalde.de\/wp-content\/uploads\/2024\/07\/elementor\/thumbs\/Sonnenhof_Logo_nur_Sonne_ohne_weissen_Hintergrund-qqqkytivrflqdy2nwtqz02hb4z7sdu35cmzhfsbecg.webp 240w, https:\/\/sonnenhof-sonnhalde.de\/wp-content\/uploads\/2024\/07\/Sonnenhof_Logo_nur_Sonne_ohne_weissen_Hintergrund.webp 348w\" sizes=\"(max-width: 300px) 100vw, 300px\" title=\"\">\t\t\t\t\t\t\t\t\t\t\t\t\t\t\t<\/div>\n\t\t\t\t<\/div>\n\t\t\t\t<\/div>\n\t\t<div class=\"elementor-element elementor-element-69b4061 e-flex e-con-boxed e-con e-parent\" data-id=\"69b4061\" data-element_type=\"container\" data-e-type=\"container\">\n\t\t\t\t\t<div class=\"e-con-inner\">\n\t\t\t\t<div class=\"elementor-element elementor-element-608dfd7 elementor-widget elementor-widget-spacer\" data-id=\"608dfd7\" data-element_type=\"widget\" data-e-type=\"widget\" data-widget_type=\"spacer.default\">\n\t\t\t\t<div class=\"elementor-widget-container\">\n\t\t\t\t\t\t\t<div class=\"elementor-spacer\">\n\t\t\t<div class=\"elementor-spacer-inner\"><\/div>\n\t\t<\/div>\n\t\t\t\t\t\t<\/div>\n\t\t\t\t<\/div>\n\t\t\t\t\t<\/div>\n\t\t\t\t<\/div>\n\t\t<div class=\"elementor-element elementor-element-fc1ce35 e-flex e-con-boxed e-con e-parent\" data-id=\"fc1ce35\" data-element_type=\"container\" data-e-type=\"container\">\n\t\t\t\t\t<div class=\"e-con-inner\">\n\t\t\t\t<div class=\"elementor-element elementor-element-088e649 elementor-widget elementor-widget-heading\" data-id=\"088e649\" data-element_type=\"widget\" data-e-type=\"widget\" data-widget_type=\"heading.default\">\n\t\t\t\t<div class=\"elementor-widget-container\">\n\t\t\t\t\t<h1 class=\"elementor-heading-title elementor-size-default\">Saunalandschaft im Schwarzwald<\/h1>\t\t\t\t<\/div>\n\t\t\t\t<\/div>\n\t\t\t\t\t<\/div>\n\t\t\t\t<\/div>\n\t\t<div class=\"elementor-element elementor-element-f8c32ea e-flex e-con-boxed e-con e-parent\" data-id=\"f8c32ea\" data-element_type=\"container\" data-e-type=\"container\">\n\t\t\t\t\t<div class=\"e-con-inner\">\n\t\t\t\t<div class=\"elementor-element elementor-element-49f5310 elementor-widget elementor-widget-text-editor\" data-id=\"49f5310\" data-element_type=\"widget\" data-e-type=\"widget\" data-widget_type=\"text-editor.default\">\n\t\t\t\t<div class=\"elementor-widget-container\">\n\t\t\t\t\t\t\t\t\t<p>Das <span style=\"color: #333333;\"><strong>Hotel Sonnenhof <\/strong><\/span>bietet eine umfassende Saunalandschaft f\u00fcr G\u00e4ste, die nach einem Tag in der Natur Entspannung suchen. Von der finnischen Sauna bis zur Textilsauna k\u00f6nnen G\u00e4ste eine angenehme, wohltuende W\u00e4rme genie\u00dfen und sich in den komfortablen Ruher\u00e4umen ausruhen. Die entspannende Saunalandschaft rundet den Aufenthalt im Hotel perfekt ab und bringt K\u00f6rper und Geist in Einklang.<\/p>\t\t\t\t\t\t\t\t<\/div>\n\t\t\t\t<\/div>\n\t\t\t\t\t<\/div>\n\t\t\t\t<\/div>\n\t\t<div class=\"elementor-element elementor-element-b2d2faf e-flex e-con-boxed e-con e-parent\" data-id=\"b2d2faf\" data-element_type=\"container\" data-e-type=\"container\">\n\t\t\t\t\t<div class=\"e-con-inner\">\n\t\t\t\t<div class=\"elementor-element elementor-element-1cd956b elementor-widget elementor-widget-spacer\" data-id=\"1cd956b\" data-element_type=\"widget\" data-e-type=\"widget\" data-widget_type=\"spacer.default\">\n\t\t\t\t<div class=\"elementor-widget-container\">\n\t\t\t\t\t\t\t<div class=\"elementor-spacer\">\n\t\t\t<div class=\"elementor-spacer-inner\"><\/div>\n\t\t<\/div>\n\t\t\t\t\t\t<\/div>\n\t\t\t\t<\/div>\n\t\t\t\t\t<\/div>\n\t\t\t\t<\/div>\n\t\t<div class=\"elementor-element elementor-element-f08fc84 e-flex e-con-boxed e-con e-parent\" data-id=\"f08fc84\" data-element_type=\"container\" data-e-type=\"container\">\n\t\t\t\t\t<div class=\"e-con-inner\">\n\t\t\t\t<div class=\"elementor-element elementor-element-aac0539 elementor-widget elementor-widget-heading\" data-id=\"aac0539\" data-element_type=\"widget\" data-e-type=\"widget\" data-widget_type=\"heading.default\">\n\t\t\t\t<div class=\"elementor-widget-container\">\n\t\t\t\t\t<h2 class=\"elementor-heading-title elementor-size-default\">H\u00e4ngebr\u00fccke in Todtnau<\/h2>\t\t\t\t<\/div>\n\t\t\t\t<\/div>\n\t\t\t\t\t<\/div>\n\t\t\t\t<\/div>\n\t\t<div class=\"elementor-element elementor-element-801961d e-flex e-con-boxed e-con e-parent\" data-id=\"801961d\" data-element_type=\"container\" data-e-type=\"container\">\n\t\t\t\t\t<div class=\"e-con-inner\">\n\t\t<div class=\"elementor-element elementor-element-d724782 e-con-full e-flex e-con e-child\" data-id=\"d724782\" data-element_type=\"container\" data-e-type=\"container\">\n\t\t\t\t<div class=\"elementor-element elementor-element-d8f5d4c elementor-widget elementor-widget-text-editor\" data-id=\"d8f5d4c\" data-element_type=\"widget\" data-e-type=\"widget\" data-widget_type=\"text-editor.default\">\n\t\t\t\t<div class=\"elementor-widget-container\">\n\t\t\t\t\t\t\t\t\t<p>In der N\u00e4he des Sonnenhof Hotels erwartet Sie ein atemberaubendes Erlebnis: die <span style=\"color: #333333;\"><strong>H\u00e4ngebr\u00fccke in Todtnau<\/strong>.<\/span> Diese lange, schwebende Br\u00fccke bietet Ihnen einen spektakul\u00e4ren Blick auf die Schwarzwaldlandschaft und ist besonders bei Abenteuerlustigen beliebt. Sie ist ein einzigartiger Aussichtspunkt, um die Landschaft von oben zu genie\u00dfen und ein Highlight f\u00fcr alle, die eine unvergessliche Perspektive auf die Natur suchen.<\/p>\t\t\t\t\t\t\t\t<\/div>\n\t\t\t\t<\/div>\n\t\t\t\t<div class=\"elementor-element elementor-element-fd7194f elementor-widget elementor-widget-text-editor\" data-id=\"fd7194f\" data-element_type=\"widget\" data-e-type=\"widget\" data-widget_type=\"text-editor.default\">\n\t\t\t\t<div class=\"elementor-widget-container\">\n\t\t\t\t\t\t\t\t\t<p><strong><span style=\"color: #333333;\">Preise<\/span><br \/><\/strong>Kinder (6 bis einschlie\u00dflich 14 Jahre)<strong><br \/><\/strong>Eintritt Todtnauer Wasserfall * 1,50 \u20ac<strong><br \/><\/strong>Kombiticket (Br\u00fccke und Wasserfall) * 9,00 \u20ac<\/p><p>Erwachsene (ab 15 Jahren)<br \/>Eintritt Todtnauer Wasserfall <sup>* <\/sup>2,50 \u20ac<br \/>Kombiticket (Br\u00fccke und Wasserfall) * 12,00 \u20ac<\/p><p><strong><span style=\"color: #333333;\">\u00d6ffnungszeiten<\/span><br \/><\/strong>T\u00e4glich 9 bis 18 Uhr<\/p><p><strong><span style=\"color: #333333;\">Kontakt<\/span><br \/><\/strong>BlackForest Line Todtnau<strong><br \/><\/strong>79674 Todtnau- Au\u00dfer Ort 38<\/p><p>Telefon +49 7081 9557730<br \/>E-Mail: hello@blackforestline.de<\/p>\t\t\t\t\t\t\t\t<\/div>\n\t\t\t\t<\/div>\n\t\t\t\t<\/div>\n\t\t<div class=\"elementor-element elementor-element-a42bc3e e-con-full e-flex e-con e-child\" data-id=\"a42bc3e\" data-element_type=\"container\" data-e-type=\"container\">\n\t\t\t\t<div class=\"elementor-element elementor-element-fe7dad5 elementor-widget elementor-widget-image\" data-id=\"fe7dad5\" data-element_type=\"widget\" data-e-type=\"widget\" data-widget_type=\"image.default\">\n\t\t\t\t<div class=\"elementor-widget-container\">\n\t\t\t\t\t\t\t\t\t\t\t\t<figure class=\"wp-caption\">\n\t\t\t\t\t\t\t\t\t\t<img decoding=\"async\" src=\"https:\/\/sonnenhof-sonnhalde.de\/wp-content\/uploads\/elementor\/thumbs\/500-kb-\u00a9Michael-Corona_Blackforestline-125-3-scaled-qe1ffz5b9nd4wqyhb8juie8ca4men2gxgj2sac8bjg.jpg\" title=\"500 kb \u00a9Michael Corona_Blackforestline-125-3\" alt=\"500 kb \u00a9Michael Corona_Blackforestline-125-3\" loading=\"lazy\" \/>\t\t\t\t\t\t\t\t\t\t\t<figcaption class=\"widget-image-caption wp-caption-text\">450 Meter lang ist die  H\u00e4ngebr\u00fccke \u00fcber den Todtnauer Wasserf\u00e4llen<\/figcaption>\n\t\t\t\t\t\t\t\t\t\t<\/figure>\n\t\t\t\t\t\t\t\t\t<\/div>\n\t\t\t\t<\/div>\n\t\t\t\t<\/div>\n\t\t\t\t\t<\/div>\n\t\t\t\t<\/div>\n\t\t<div class=\"elementor-element elementor-element-f0459ff e-flex e-con-boxed e-con e-parent\" data-id=\"f0459ff\" data-element_type=\"container\" data-e-type=\"container\">\n\t\t\t\t\t<div class=\"e-con-inner\">\n\t\t\t\t<div class=\"elementor-element elementor-element-386a2b7 elementor-widget elementor-widget-spacer\" data-id=\"386a2b7\" data-element_type=\"widget\" data-e-type=\"widget\" data-widget_type=\"spacer.default\">\n\t\t\t\t<div class=\"elementor-widget-container\">\n\t\t\t\t\t\t\t<div class=\"elementor-spacer\">\n\t\t\t<div class=\"elementor-spacer-inner\"><\/div>\n\t\t<\/div>\n\t\t\t\t\t\t<\/div>\n\t\t\t\t<\/div>\n\t\t\t\t\t<\/div>\n\t\t\t\t<\/div>\n\t\t<div class=\"elementor-element elementor-element-d1f12e8 e-flex e-con-boxed e-con e-parent\" data-id=\"d1f12e8\" data-element_type=\"container\" data-e-type=\"container\">\n\t\t\t\t\t<div class=\"e-con-inner\">\n\t\t<div class=\"elementor-element elementor-element-90ed602 e-con-full e-flex e-con e-child\" data-id=\"90ed602\" data-element_type=\"container\" data-e-type=\"container\">\n\t\t<div class=\"elementor-element elementor-element-94aa02d e-flex e-con-boxed e-con e-child\" data-id=\"94aa02d\" data-element_type=\"container\" data-e-type=\"container\">\n\t\t\t\t\t<div class=\"e-con-inner\">\n\t\t\t\t<div class=\"elementor-element elementor-element-171fb45 elementor-widget elementor-widget-text-editor\" data-id=\"171fb45\" data-element_type=\"widget\" data-e-type=\"widget\" data-widget_type=\"text-editor.default\">\n\t\t\t\t<div class=\"elementor-widget-container\">\n\t\t\t\t\t\t\t\t\t<p><span style=\"color: #333333;\"><strong>Zahlen, Daten, Fakten<\/strong><\/span><\/p><p>Die <span style=\"color: #333333;\"><strong>H\u00e4ngebr\u00fccke in Todtnau<\/strong><\/span> ist ein beeindruckendes Bauwerk, das nicht nur durch seine L\u00e4nge, sondern auch durch seine robuste Bauweise besticht. Hier sind die wichtigsten technischen Details der Br\u00fccke:<\/p><ul><li><span style=\"color: #333333;\"><strong>Gesamtgewicht<\/strong>:<\/span> Die Br\u00fccke wiegt insgesamt 730 Tonnen.<\/li><li><span style=\"color: #333333;\"><strong>Pylonen<\/strong>:<\/span> Die beiden Pylonen, die die Br\u00fccke st\u00fctzen, wiegen zusammen 46 Tonnen und haben eine H\u00f6he von beeindruckenden 16 Metern.<\/li><li><span style=\"color: #333333;\"><strong>Laufsteg<\/strong>:<\/span> Der Laufsteg der Br\u00fccke, der die Gehfl\u00e4che f\u00fcr Besucher bildet, bringt 55 Tonnen auf die Waage.<\/li><li><span style=\"color: #333333;\"><strong>Tragseile<\/strong>:<\/span> Die Tragseile der Br\u00fccke wiegen 15,4 Tonnen und haben einen Durchmesser von 76 Millimetern.<\/li><li><span style=\"color: #333333;\"><strong>Windseil<\/strong>:<\/span> Zum Schutz der Br\u00fccke bei starkem Wind wurde ein Windseil mit einem Gewicht von 3 Tonnen installiert.<\/li><li><span style=\"color: #333333;\"><strong>Spannweite<\/strong>:<\/span> Die Br\u00fccke \u00fcberspannt eine beeindruckende L\u00e4nge von 450 Metern.<\/li><li><span style=\"color: #333333;\"><strong>Gehwegbreite<\/strong>:<\/span> Mit einer Gehwegbreite von 1,20 Metern bietet die Br\u00fccke Platz f\u00fcr sichere \u00dcberquerungen.<\/li><li><span style=\"color: #333333;\"><strong>Maximale Tragkraft<\/strong>:<\/span> Die Br\u00fccke ist f\u00fcr bis zu 1.000 Personen ausgelegt und gew\u00e4hrleistet somit Stabilit\u00e4t und Sicherheit f\u00fcr viele Besucher gleichzeitig.<\/li><\/ul><p>Mit dieser durchdachten Konstruktion und robusten Materialien vereint die H\u00e4ngebr\u00fccke in Todtnau moderne Ingenieurskunst mit Naturerlebnis und bietet Besuchern einen spektakul\u00e4ren Blick auf die Landschaft.<\/p>\t\t\t\t\t\t\t\t<\/div>\n\t\t\t\t<\/div>\n\t\t\t\t\t<\/div>\n\t\t\t\t<\/div>\n\t\t\t\t<\/div>\n\t\t<div class=\"elementor-element elementor-element-afd9279 e-con-full e-flex e-con e-child\" data-id=\"afd9279\" data-element_type=\"container\" data-e-type=\"container\">\n\t\t\t\t<div class=\"elementor-element elementor-element-2027450 elementor-widget elementor-widget-spacer\" data-id=\"2027450\" data-element_type=\"widget\" data-e-type=\"widget\" data-widget_type=\"spacer.default\">\n\t\t\t\t<div class=\"elementor-widget-container\">\n\t\t\t\t\t\t\t<div class=\"elementor-spacer\">\n\t\t\t<div class=\"elementor-spacer-inner\"><\/div>\n\t\t<\/div>\n\t\t\t\t\t\t<\/div>\n\t\t\t\t<\/div>\n\t\t\t\t<div class=\"elementor-element elementor-element-cf05262 elementor-widget elementor-widget-image\" data-id=\"cf05262\" data-element_type=\"widget\" data-e-type=\"widget\" data-widget_type=\"image.default\">\n\t\t\t\t<div class=\"elementor-widget-container\">\n\t\t\t\t\t\t\t\t\t\t\t\t<figure class=\"wp-caption\">\n\t\t\t\t\t\t\t\t\t\t<img decoding=\"async\" width=\"768\" height=\"576\" src=\"https:\/\/sonnenhof-sonnhalde.de\/wp-content\/uploads\/2023\/11\/IMG20230512170447-scaled1-768x576.webp\" class=\"attachment-medium_large size-medium_large wp-image-10831\" alt=\"\" srcset=\"https:\/\/sonnenhof-sonnhalde.de\/wp-content\/uploads\/2023\/11\/IMG20230512170447-scaled1-768x576.webp 768w, https:\/\/sonnenhof-sonnhalde.de\/wp-content\/uploads\/2023\/11\/IMG20230512170447-scaled1-300x225.webp 300w, https:\/\/sonnenhof-sonnhalde.de\/wp-content\/uploads\/2023\/11\/IMG20230512170447-scaled1-1024x768.webp 1024w, https:\/\/sonnenhof-sonnhalde.de\/wp-content\/uploads\/2023\/11\/IMG20230512170447-scaled1-1536x1152.webp 1536w, https:\/\/sonnenhof-sonnhalde.de\/wp-content\/uploads\/2023\/11\/IMG20230512170447-scaled1.webp 1920w\" sizes=\"(max-width: 768px) 100vw, 768px\" title=\"\">\t\t\t\t\t\t\t\t\t\t\t<figcaption class=\"widget-image-caption wp-caption-text\">Die H\u00e4ngebr\u00fccke in Todtnau \u2013 eine architektonische Meisterleistung, die Natur und Abenteuer vereint.<\/figcaption>\n\t\t\t\t\t\t\t\t\t\t<\/figure>\n\t\t\t\t\t\t\t\t\t<\/div>\n\t\t\t\t<\/div>\n\t\t\t\t<\/div>\n\t\t\t\t\t<\/div>\n\t\t\t\t<\/div>\n\t\t<div class=\"elementor-element elementor-element-3db0426 e-flex e-con-boxed e-con e-parent\" data-id=\"3db0426\" data-element_type=\"container\" data-e-type=\"container\">\n\t\t\t\t\t<div class=\"e-con-inner\">\n\t\t\t\t<div class=\"elementor-element elementor-element-2a8c902 elementor-widget elementor-widget-text-editor\" data-id=\"2a8c902\" data-element_type=\"widget\" data-e-type=\"widget\" data-widget_type=\"text-editor.default\">\n\t\t\t\t<div class=\"elementor-widget-container\">\n\t\t\t\t\t\t\t\t\t<h3 class=\"toggle-title\"><a class=\"toggle-heading\" href=\"https:\/\/blackforestline.de\/anreise\/#\" rel=\"nofollow noopener\" target=\"_blank\">Anreise mit dem Auto<\/a><\/h3><div><div class=\"inner-toggle-wrap\"><div class=\"wpb_text_column wpb_content_element \"><div class=\"wpb_wrapper\"><p>Vom Hotel Sonnenhof-Sonnhalde sind es bis zur H\u00e4ngebr\u00fccke knapp 50 Kilometer.<\/p><p>Mit dem PKW k\u00f6nnen Sie die Parkpl\u00e4tze neben dem Besucherzentrum am Eingang West der Br\u00fccke nutzen. Diese befinden sich an der Kurhausstra\u00dfe entlang in Richtung Todtnauberg. Bitte nur die markierten Parkfl\u00e4chen zu nutzen.<br \/>Sollten hier alle Parkpl\u00e4tze belegt sein, k\u00f6nnen Sie auf die Parkfl\u00e4chen in Aftersteg beim Eingang Wasserfall nutzen und deinen Besuch mit einer kurzen Wanderung zur Br\u00fccke verbinden. Alternative Parkpl\u00e4tze gibt es in Todtnau und am Notschrei \u2013 von hier fahren regelm\u00e4\u00dfig Busse in Richtung Todtnauberg.<\/p><\/div><\/div><\/div><\/div>\t\t\t\t\t\t\t\t<\/div>\n\t\t\t\t<\/div>\n\t\t\t\t\t<\/div>\n\t\t\t\t<\/div>\n\t\t<div class=\"elementor-element elementor-element-f9277e4 e-flex e-con-boxed e-con e-parent\" data-id=\"f9277e4\" data-element_type=\"container\" data-e-type=\"container\">\n\t\t\t\t\t<div class=\"e-con-inner\">\n\t\t\t\t<div class=\"elementor-element elementor-element-26fa053 elementor-widget elementor-widget-spacer\" data-id=\"26fa053\" data-element_type=\"widget\" data-e-type=\"widget\" data-widget_type=\"spacer.default\">\n\t\t\t\t<div class=\"elementor-widget-container\">\n\t\t\t\t\t\t\t<div class=\"elementor-spacer\">\n\t\t\t<div class=\"elementor-spacer-inner\"><\/div>\n\t\t<\/div>\n\t\t\t\t\t\t<\/div>\n\t\t\t\t<\/div>\n\t\t\t\t\t<\/div>\n\t\t\t\t<\/div>\n\t\t<div class=\"elementor-element elementor-element-9cf0c45 e-flex e-con-boxed e-con e-parent\" data-id=\"9cf0c45\" data-element_type=\"container\" data-e-type=\"container\">\n\t\t\t\t\t<div class=\"e-con-inner\">\n\t\t<div class=\"elementor-element elementor-element-9dc1329 e-con-full e-flex e-con e-child\" data-id=\"9dc1329\" data-element_type=\"container\" data-e-type=\"container\">\n\t\t<div class=\"elementor-element elementor-element-d6e0294 e-flex e-con-boxed e-con e-child\" data-id=\"d6e0294\" data-element_type=\"container\" data-e-type=\"container\">\n\t\t\t\t\t<div class=\"e-con-inner\">\n\t\t\t\t<div class=\"elementor-element elementor-element-cb50053 elementor-widget elementor-widget-heading\" data-id=\"cb50053\" data-element_type=\"widget\" data-e-type=\"widget\" data-widget_type=\"heading.default\">\n\t\t\t\t<div class=\"elementor-widget-container\">\n\t\t\t\t\t<h3 class=\"elementor-heading-title elementor-size-default\">Naturena Badesee \u2013 Schwimmen im kristallklaren Wasser<\/h3>\t\t\t\t<\/div>\n\t\t\t\t<\/div>\n\t\t\t\t<div class=\"elementor-element elementor-element-d8524ad elementor-widget elementor-widget-spacer\" data-id=\"d8524ad\" data-element_type=\"widget\" data-e-type=\"widget\" data-widget_type=\"spacer.default\">\n\t\t\t\t<div class=\"elementor-widget-container\">\n\t\t\t\t\t\t\t<div class=\"elementor-spacer\">\n\t\t\t<div class=\"elementor-spacer-inner\"><\/div>\n\t\t<\/div>\n\t\t\t\t\t\t<\/div>\n\t\t\t\t<\/div>\n\t\t\t\t<div class=\"elementor-element elementor-element-ad22aad elementor-widget elementor-widget-text-editor\" data-id=\"ad22aad\" data-element_type=\"widget\" data-e-type=\"widget\" data-widget_type=\"text-editor.default\">\n\t\t\t\t<div class=\"elementor-widget-container\">\n\t\t\t\t\t\t\t\t\t<p><span style=\"color: #333333;\"><strong>Der Naturena Badesee<\/strong><\/span> in Birkendorf l\u00e4dt zum Schwimmen und Entspannen in kristallklarem Wasser ein. Dieses Naturerlebnisbad ist ein Paradies f\u00fcr Badeg\u00e4ste und bietet einen Schwimmer- und Nichtschwimmerbereich mit Sprungfelsen und Steg. F\u00fcr die kleinen Besucher gibt es einen beliebten Spielplatz mit einer Matschspielanlage und ein Kinderbecken, das ideal f\u00fcr Familien ist. Die Wasserqualit\u00e4t des Sees wird durch einen Regenerationsteich mit Kiesfilter aufrechterhalten, wodurch die Sauberkeit auf nat\u00fcrliche Weise gesichert ist.<\/p>\t\t\t\t\t\t\t\t<\/div>\n\t\t\t\t<\/div>\n\t\t\t\t\t<\/div>\n\t\t\t\t<\/div>\n\t\t\t\t<\/div>\n\t\t<div class=\"elementor-element elementor-element-4f7fef7 e-con-full e-flex e-con e-child\" data-id=\"4f7fef7\" data-element_type=\"container\" data-e-type=\"container\">\n\t\t\t\t<div class=\"elementor-element elementor-element-1d8bff2 elementor-widget elementor-widget-image\" data-id=\"1d8bff2\" data-element_type=\"widget\" data-e-type=\"widget\" data-widget_type=\"image.default\">\n\t\t\t\t<div class=\"elementor-widget-container\">\n\t\t\t\t\t\t\t\t\t\t\t\t<figure class=\"wp-caption\">\n\t\t\t\t\t\t\t\t\t\t<img decoding=\"async\" width=\"768\" height=\"620\" src=\"https:\/\/sonnenhof-sonnhalde.de\/wp-content\/uploads\/2023\/11\/naturena_steiger-768x620.webp\" class=\"attachment-medium_large size-medium_large wp-image-10830\" alt=\"\" srcset=\"https:\/\/sonnenhof-sonnhalde.de\/wp-content\/uploads\/2023\/11\/naturena_steiger-768x620.webp 768w, https:\/\/sonnenhof-sonnhalde.de\/wp-content\/uploads\/2023\/11\/naturena_steiger-300x242.webp 300w, https:\/\/sonnenhof-sonnhalde.de\/wp-content\/uploads\/2023\/11\/naturena_steiger.webp 900w\" sizes=\"(max-width: 768px) 100vw, 768px\" title=\"\">\t\t\t\t\t\t\t\t\t\t\t<figcaption class=\"widget-image-caption wp-caption-text\">Besuchen Sie den Naturena Badesee und genie\u00dfen Sie ein einmaliges Badevergn\u00fcgen inmitten der sch\u00f6nen Schwarzwaldlandschaft!<\/figcaption>\n\t\t\t\t\t\t\t\t\t\t<\/figure>\n\t\t\t\t\t\t\t\t\t<\/div>\n\t\t\t\t<\/div>\n\t\t\t\t<\/div>\n\t\t\t\t\t<\/div>\n\t\t\t\t<\/div>\n\t\t<div class=\"elementor-element elementor-element-80e7bb7 e-flex e-con-boxed e-con e-parent\" data-id=\"80e7bb7\" data-element_type=\"container\" data-e-type=\"container\">\n\t\t\t\t\t<div class=\"e-con-inner\">\n\t\t\t\t<div class=\"elementor-element elementor-element-18c8718 elementor-widget elementor-widget-spacer\" data-id=\"18c8718\" data-element_type=\"widget\" data-e-type=\"widget\" data-widget_type=\"spacer.default\">\n\t\t\t\t<div class=\"elementor-widget-container\">\n\t\t\t\t\t\t\t<div class=\"elementor-spacer\">\n\t\t\t<div class=\"elementor-spacer-inner\"><\/div>\n\t\t<\/div>\n\t\t\t\t\t\t<\/div>\n\t\t\t\t<\/div>\n\t\t\t\t\t<\/div>\n\t\t\t\t<\/div>\n\t\t<div class=\"elementor-element elementor-element-751001a e-flex e-con-boxed e-con e-parent\" data-id=\"751001a\" data-element_type=\"container\" data-e-type=\"container\">\n\t\t\t\t\t<div class=\"e-con-inner\">\n\t\t\t\t<div class=\"elementor-element elementor-element-24d405a elementor-share-buttons--shape-circle elementor-grid-3 elementor-grid-mobile-1 elementor-share-buttons--view-icon-text elementor-share-buttons--skin-gradient elementor-share-buttons--color-official elementor-widget elementor-widget-share-buttons\" data-id=\"24d405a\" data-element_type=\"widget\" data-e-type=\"widget\" data-settings=\"{&quot;_animation&quot;:&quot;none&quot;,&quot;_animation_mobile&quot;:&quot;none&quot;}\" data-widget_type=\"share-buttons.default\">\n\t\t\t\t<div class=\"elementor-widget-container\">\n\t\t\t\t\t\t\t<div class=\"elementor-grid\" role=\"list\">\n\t\t\t\t\t\t\t\t<div class=\"elementor-grid-item\" role=\"listitem\">\n\t\t\t\t\t\t<div class=\"elementor-share-btn elementor-share-btn_facebook\" role=\"button\" tabindex=\"0\" aria-label=\"Partager sur facebook\">\n\t\t\t\t\t\t\t\t\t\t\t\t\t\t\t<span class=\"elementor-share-btn__icon\">\n\t\t\t\t\t\t\t\t<svg aria-hidden=\"true\" class=\"e-font-icon-svg e-fab-facebook\" viewBox=\"0 0 512 512\" xmlns=\"http:\/\/www.w3.org\/2000\/svg\"><path d=\"M504 256C504 119 393 8 256 8S8 119 8 256c0 123.78 90.69 226.38 209.25 245V327.69h-63V256h63v-54.64c0-62.15 37-96.48 93.67-96.48 27.14 0 55.52 4.84 55.52 4.84v61h-31.28c-30.8 0-40.41 19.12-40.41 38.73V256h68.78l-11 71.69h-57.78V501C413.31 482.38 504 379.78 504 256z\"><\/path><\/svg>\t\t\t\t\t\t\t<\/span>\n\t\t\t\t\t\t\t\t\t\t\t\t\t\t\t\t\t\t\t\t\t\t<div class=\"elementor-share-btn__text\">\n\t\t\t\t\t\t\t\t\t\t\t\t\t\t\t\t\t\t\t<span class=\"elementor-share-btn__title\">\n\t\t\t\t\t\t\t\t\t\tFacebook\t\t\t\t\t\t\t\t\t<\/span>\n\t\t\t\t\t\t\t\t\t\t\t\t\t\t\t\t\t<\/div>\n\t\t\t\t\t\t\t\t\t\t\t\t\t<\/div>\n\t\t\t\t\t<\/div>\n\t\t\t\t\t\t\t\t\t<div class=\"elementor-grid-item\" role=\"listitem\">\n\t\t\t\t\t\t<div class=\"elementor-share-btn elementor-share-btn_whatsapp\" role=\"button\" tabindex=\"0\" aria-label=\"Partager sur whatsapp\">\n\t\t\t\t\t\t\t\t\t\t\t\t\t\t\t<span class=\"elementor-share-btn__icon\">\n\t\t\t\t\t\t\t\t<svg aria-hidden=\"true\" class=\"e-font-icon-svg e-fab-whatsapp\" viewBox=\"0 0 448 512\" xmlns=\"http:\/\/www.w3.org\/2000\/svg\"><path d=\"M380.9 97.1C339 55.1 283.2 32 223.9 32c-122.4 0-222 99.6-222 222 0 39.1 10.2 77.3 29.6 111L0 480l117.7-30.9c32.4 17.7 68.9 27 106.1 27h.1c122.3 0 224.1-99.6 224.1-222 0-59.3-25.2-115-67.1-157zm-157 341.6c-33.2 0-65.7-8.9-94-25.7l-6.7-4-69.8 18.3L72 359.2l-4.4-7c-18.5-29.4-28.2-63.3-28.2-98.2 0-101.7 82.8-184.5 184.6-184.5 49.3 0 95.6 19.2 130.4 54.1 34.8 34.9 56.2 81.2 56.1 130.5 0 101.8-84.9 184.6-186.6 184.6zm101.2-138.2c-5.5-2.8-32.8-16.2-37.9-18-5.1-1.9-8.8-2.8-12.5 2.8-3.7 5.6-14.3 18-17.6 21.8-3.2 3.7-6.5 4.2-12 1.4-32.6-16.3-54-29.1-75.5-66-5.7-9.8 5.7-9.1 16.3-30.3 1.8-3.7.9-6.9-.5-9.7-1.4-2.8-12.5-30.1-17.1-41.2-4.5-10.8-9.1-9.3-12.5-9.5-3.2-.2-6.9-.2-10.6-.2-3.7 0-9.7 1.4-14.8 6.9-5.1 5.6-19.4 19-19.4 46.3 0 27.3 19.9 53.7 22.6 57.4 2.8 3.7 39.1 59.7 94.8 83.8 35.2 15.2 49 16.5 66.6 13.9 10.7-1.6 32.8-13.4 37.4-26.4 4.6-13 4.6-24.1 3.2-26.4-1.3-2.5-5-3.9-10.5-6.6z\"><\/path><\/svg>\t\t\t\t\t\t\t<\/span>\n\t\t\t\t\t\t\t\t\t\t\t\t\t\t\t\t\t\t\t\t\t\t<div class=\"elementor-share-btn__text\">\n\t\t\t\t\t\t\t\t\t\t\t\t\t\t\t\t\t\t\t<span class=\"elementor-share-btn__title\">\n\t\t\t\t\t\t\t\t\t\tWhatsApp\t\t\t\t\t\t\t\t\t<\/span>\n\t\t\t\t\t\t\t\t\t\t\t\t\t\t\t\t\t<\/div>\n\t\t\t\t\t\t\t\t\t\t\t\t\t<\/div>\n\t\t\t\t\t<\/div>\n\t\t\t\t\t\t\t\t\t<div class=\"elementor-grid-item\" role=\"listitem\">\n\t\t\t\t\t\t<div class=\"elementor-share-btn elementor-share-btn_email\" role=\"button\" tabindex=\"0\" aria-label=\"Partager sur email\">\n\t\t\t\t\t\t\t\t\t\t\t\t\t\t\t<span class=\"elementor-share-btn__icon\">\n\t\t\t\t\t\t\t\t<svg aria-hidden=\"true\" class=\"e-font-icon-svg e-fas-envelope\" viewBox=\"0 0 512 512\" xmlns=\"http:\/\/www.w3.org\/2000\/svg\"><path d=\"M502.3 190.8c3.9-3.1 9.7-.2 9.7 4.7V400c0 26.5-21.5 48-48 48H48c-26.5 0-48-21.5-48-48V195.6c0-5 5.7-7.8 9.7-4.7 22.4 17.4 52.1 39.5 154.1 113.6 21.1 15.4 56.7 47.8 92.2 47.6 35.7.3 72-32.8 92.3-47.6 102-74.1 131.6-96.3 154-113.7zM256 320c23.2.4 56.6-29.2 73.4-41.4 132.7-96.3 142.8-104.7 173.4-128.7 5.8-4.5 9.2-11.5 9.2-18.9v-19c0-26.5-21.5-48-48-48H48C21.5 64 0 85.5 0 112v19c0 7.4 3.4 14.3 9.2 18.9 30.6 23.9 40.7 32.4 173.4 128.7 16.8 12.2 50.2 41.8 73.4 41.4z\"><\/path><\/svg>\t\t\t\t\t\t\t<\/span>\n\t\t\t\t\t\t\t\t\t\t\t\t\t\t\t\t\t\t\t\t\t\t<div class=\"elementor-share-btn__text\">\n\t\t\t\t\t\t\t\t\t\t\t\t\t\t\t\t\t\t\t<span class=\"elementor-share-btn__title\">\n\t\t\t\t\t\t\t\t\t\tEmail\t\t\t\t\t\t\t\t\t<\/span>\n\t\t\t\t\t\t\t\t\t\t\t\t\t\t\t\t\t<\/div>\n\t\t\t\t\t\t\t\t\t\t\t\t\t<\/div>\n\t\t\t\t\t<\/div>\n\t\t\t\t\t\t<\/div>\n\t\t\t\t\t\t<\/div>\n\t\t\t\t<\/div>\n\t\t\t\t\t<\/div>\n\t\t\t\t<\/div>\n\t\t<div class=\"elementor-element elementor-element-7ce6e38 e-flex e-con-boxed e-con e-parent\" data-id=\"7ce6e38\" data-element_type=\"container\" data-e-type=\"container\">\n\t\t\t\t\t<div class=\"e-con-inner\">\n\t\t\t\t<div class=\"elementor-element elementor-element-45f6d88 elementor-widget elementor-widget-spacer\" data-id=\"45f6d88\" data-element_type=\"widget\" data-e-type=\"widget\" data-widget_type=\"spacer.default\">\n\t\t\t\t<div class=\"elementor-widget-container\">\n\t\t\t\t\t\t\t<div class=\"elementor-spacer\">\n\t\t\t<div class=\"elementor-spacer-inner\"><\/div>\n\t\t<\/div>\n\t\t\t\t\t\t<\/div>\n\t\t\t\t<\/div>\n\t\t\t\t\t<\/div>\n\t\t\t\t<\/div>\n\t\t\t\t<\/div>\n\t\t","protected":false},"excerpt":{"rendered":"<p>Saunalandschaft im Schwarzwald Das Hotel Sonnenhof bietet eine umfassende Saunalandschaft f\u00fcr G\u00e4ste, die nach einem Tag in der Natur Entspannung suchen. Von der finnischen Sauna bis zur Textilsauna k\u00f6nnen G\u00e4ste eine angenehme, wohltuende W\u00e4rme genie\u00dfen und sich in den komfortablen Ruher\u00e4umen ausruhen. Die entspannende Saunalandschaft rundet den Aufenthalt im Hotel perfekt ab und bringt K\u00f6rper [&hellip;]<\/p>\n","protected":false},"author":4,"featured_media":3176,"comment_status":"closed","ping_status":"open","sticky":false,"template":"elementor_header_footer","format":"standard","meta":{"footnotes":""},"categories":[47],"tags":[],"class_list":["post-4930","post","type-post","status-publish","format-standard","has-post-thumbnail","hentry","category-sonnenhof-in-der-naehe-entspannte-ausfluege-natur-geniessen"],"_links":{"self":[{"href":"https:\/\/sonnenhof-sonnhalde.de\/de_de\/wp-json\/wp\/v2\/posts\/4930","targetHints":{"allow":["GET"]}}],"collection":[{"href":"https:\/\/sonnenhof-sonnhalde.de\/de_de\/wp-json\/wp\/v2\/posts"}],"about":[{"href":"https:\/\/sonnenhof-sonnhalde.de\/de_de\/wp-json\/wp\/v2\/types\/post"}],"author":[{"embeddable":true,"href":"https:\/\/sonnenhof-sonnhalde.de\/de_de\/wp-json\/wp\/v2\/users\/4"}],"replies":[{"embeddable":true,"href":"https:\/\/sonnenhof-sonnhalde.de\/de_de\/wp-json\/wp\/v2\/comments?post=4930"}],"version-history":[{"count":10,"href":"https:\/\/sonnenhof-sonnhalde.de\/de_de\/wp-json\/wp\/v2\/posts\/4930\/revisions"}],"predecessor-version":[{"id":10922,"href":"https:\/\/sonnenhof-sonnhalde.de\/de_de\/wp-json\/wp\/v2\/posts\/4930\/revisions\/10922"}],"wp:featuredmedia":[{"embeddable":true,"href":"https:\/\/sonnenhof-sonnhalde.de\/de_de\/wp-json\/wp\/v2\/media\/3176"}],"wp:attachment":[{"href":"https:\/\/sonnenhof-sonnhalde.de\/de_de\/wp-json\/wp\/v2\/media?parent=4930"}],"wp:term":[{"taxonomy":"category","embeddable":true,"href":"https:\/\/sonnenhof-sonnhalde.de\/de_de\/wp-json\/wp\/v2\/categories?post=4930"},{"taxonomy":"post_tag","embeddable":true,"href":"https:\/\/sonnenhof-sonnhalde.de\/de_de\/wp-json\/wp\/v2\/tags?post=4930"}],"curies":[{"name":"wp","href":"https:\/\/api.w.org\/{rel}","templated":true}]}}