{"id":10479,"date":"2024-09-10T00:06:32","date_gmt":"2024-09-09T22:06:32","guid":{"rendered":"https:\/\/sonnenhof-sonnhalde.de\/?p=10479"},"modified":"2024-11-05T12:50:13","modified_gmt":"2024-11-05T11:50:13","slug":"se-promener-dans-la-foret-noire-et-se-detendre","status":"publish","type":"post","link":"https:\/\/sonnenhof-sonnhalde.de\/fr\/wandern-im-schwarzwald-und-entspannen\/","title":{"rendered":"Sentiers de la for\u00eat enchant\u00e9e en For\u00eat-Noire, une aventure pour toute la famille : Randonn\u00e9e en For\u00eat-Noire"},"content":{"rendered":"<div data-elementor-type=\"wp-post\" data-elementor-id=\"10479\" class=\"elementor elementor-10479\" data-elementor-post-type=\"post\">\n\t\t\t\t<div class=\"elementor-element elementor-element-418b082 e-con-full e-flex e-con e-parent\" data-id=\"418b082\" data-element_type=\"container\" data-e-type=\"container\" data-settings=\"{&quot;background_background&quot;:&quot;video&quot;,&quot;background_video_start&quot;:2,&quot;background_video_end&quot;:15}\">\n\t\t\t\t<div class=\"elementor-element elementor-element-eb90f2b elementor-widget elementor-widget-spacer\" data-id=\"eb90f2b\" data-element_type=\"widget\" data-e-type=\"widget\" data-widget_type=\"spacer.default\">\n\t\t\t\t<div class=\"elementor-widget-container\">\n\t\t\t\t\t\t\t<div class=\"elementor-spacer\">\n\t\t\t<div class=\"elementor-spacer-inner\"><\/div>\n\t\t<\/div>\n\t\t\t\t\t\t<\/div>\n\t\t\t\t<\/div>\n\t\t\t\t<div class=\"elementor-element elementor-element-b83b44c elementor-widget elementor-widget-image\" data-id=\"b83b44c\" data-element_type=\"widget\" data-e-type=\"widget\" data-widget_type=\"image.default\">\n\t\t\t\t<div class=\"elementor-widget-container\">\n\t\t\t\t\t\t\t\t\t\t\t\t\t\t\t<img fetchpriority=\"high\" decoding=\"async\" width=\"300\" height=\"300\" src=\"https:\/\/sonnenhof-sonnhalde.de\/wp-content\/uploads\/2024\/07\/Sonnenhof_Logo_nur_Sonne_ohne_weissen_Hintergrund-300x300.webp\" class=\"attachment-medium size-medium wp-image-7436\" alt=\"\" srcset=\"https:\/\/sonnenhof-sonnhalde.de\/wp-content\/uploads\/2024\/07\/Sonnenhof_Logo_nur_Sonne_ohne_weissen_Hintergrund-300x300.webp 300w, https:\/\/sonnenhof-sonnhalde.de\/wp-content\/uploads\/2024\/07\/Sonnenhof_Logo_nur_Sonne_ohne_weissen_Hintergrund-150x150.webp 150w, https:\/\/sonnenhof-sonnhalde.de\/wp-content\/uploads\/2024\/07\/elementor\/thumbs\/Sonnenhof_Logo_nur_Sonne_ohne_weissen_Hintergrund-qqqkytivrflqdy2nwtqz02hb4z7sdu35cmzhfsbecg.webp 240w, https:\/\/sonnenhof-sonnhalde.de\/wp-content\/uploads\/2024\/07\/Sonnenhof_Logo_nur_Sonne_ohne_weissen_Hintergrund.webp 348w\" sizes=\"(max-width: 300px) 100vw, 300px\" title=\"\">\t\t\t\t\t\t\t\t\t\t\t\t\t\t\t<\/div>\n\t\t\t\t<\/div>\n\t\t\t\t<\/div>\n\t\t<div class=\"elementor-element elementor-element-91454d7 e-flex e-con-boxed e-con e-parent\" data-id=\"91454d7\" data-element_type=\"container\" data-e-type=\"container\">\n\t\t\t\t\t<div class=\"e-con-inner\">\n\t\t\t\t<div class=\"elementor-element elementor-element-17bb0c7 elementor-widget elementor-widget-spacer\" data-id=\"17bb0c7\" data-element_type=\"widget\" data-e-type=\"widget\" data-widget_type=\"spacer.default\">\n\t\t\t\t<div class=\"elementor-widget-container\">\n\t\t\t\t\t\t\t<div class=\"elementor-spacer\">\n\t\t\t<div class=\"elementor-spacer-inner\"><\/div>\n\t\t<\/div>\n\t\t\t\t\t\t<\/div>\n\t\t\t\t<\/div>\n\t\t\t\t\t<\/div>\n\t\t\t\t<\/div>\n\t\t<div class=\"elementor-element elementor-element-cc3aac9 e-flex e-con-boxed e-con e-parent\" data-id=\"cc3aac9\" data-element_type=\"container\" data-e-type=\"container\">\n\t\t\t\t\t<div class=\"e-con-inner\">\n\t\t\t\t<div class=\"elementor-element elementor-element-f9868d0 elementor-widget elementor-widget-heading\" data-id=\"f9868d0\" data-element_type=\"widget\" data-e-type=\"widget\" data-widget_type=\"heading.default\">\n\t\t\t\t<div class=\"elementor-widget-container\">\n\t\t\t\t\t<h1 class=\"elementor-heading-title elementor-size-default\">Randonn\u00e9e en For\u00eat-Noire : des vacances en famille alliant d\u00e9tente et aventure<\/h1>\t\t\t\t<\/div>\n\t\t\t\t<\/div>\n\t\t\t\t\t<\/div>\n\t\t\t\t<\/div>\n\t\t<div class=\"elementor-element elementor-element-b63f557 e-flex e-con-boxed e-con e-parent\" data-id=\"b63f557\" data-element_type=\"container\" data-e-type=\"container\">\n\t\t\t\t\t<div class=\"e-con-inner\">\n\t\t\t\t<div class=\"elementor-element elementor-element-19f4d8d elementor-widget elementor-widget-image\" data-id=\"19f4d8d\" data-element_type=\"widget\" data-e-type=\"widget\" data-widget_type=\"image.default\">\n\t\t\t\t<div class=\"elementor-widget-container\">\n\t\t\t\t\t\t\t\t\t\t\t\t<figure class=\"wp-caption\">\n\t\t\t\t\t\t\t\t\t\t<img decoding=\"async\" width=\"2048\" height=\"1536\" src=\"https:\/\/sonnenhof-sonnhalde.de\/wp-content\/uploads\/2024\/09\/converted_image.webp\" class=\"attachment-full size-full wp-image-10483\" alt=\"Randonn\u00e9e dans la For\u00eat-Noire, des sapins recouverts de neige entre lesquels le soleil brille.\" srcset=\"https:\/\/sonnenhof-sonnhalde.de\/wp-content\/uploads\/2024\/09\/converted_image.webp 2048w, https:\/\/sonnenhof-sonnhalde.de\/wp-content\/uploads\/2024\/09\/converted_image-300x225.webp 300w, https:\/\/sonnenhof-sonnhalde.de\/wp-content\/uploads\/2024\/09\/converted_image-1024x768.webp 1024w, https:\/\/sonnenhof-sonnhalde.de\/wp-content\/uploads\/2024\/09\/converted_image-768x576.webp 768w, https:\/\/sonnenhof-sonnhalde.de\/wp-content\/uploads\/2024\/09\/converted_image-1536x1152.webp 1536w\" sizes=\"(max-width: 2048px) 100vw, 2048px\" title=\"\">\t\t\t\t\t\t\t\t\t\t\t<figcaption class=\"widget-image-caption wp-caption-text\">La randonn\u00e9e en For\u00eat-Noire, c'est relaxant, m\u00eame en hiver<\/figcaption>\n\t\t\t\t\t\t\t\t\t\t<\/figure>\n\t\t\t\t\t\t\t\t\t<\/div>\n\t\t\t\t<\/div>\n\t\t\t\t\t<\/div>\n\t\t\t\t<\/div>\n\t\t<div class=\"elementor-element elementor-element-d7b2211 e-flex e-con-boxed e-con e-parent\" data-id=\"d7b2211\" data-element_type=\"container\" data-e-type=\"container\">\n\t\t\t\t\t<div class=\"e-con-inner\">\n\t\t\t\t<div class=\"elementor-element elementor-element-abe284d elementor-widget elementor-widget-spacer\" data-id=\"abe284d\" data-element_type=\"widget\" data-e-type=\"widget\" data-widget_type=\"spacer.default\">\n\t\t\t\t<div class=\"elementor-widget-container\">\n\t\t\t\t\t\t\t<div class=\"elementor-spacer\">\n\t\t\t<div class=\"elementor-spacer-inner\"><\/div>\n\t\t<\/div>\n\t\t\t\t\t\t<\/div>\n\t\t\t\t<\/div>\n\t\t\t\t\t<\/div>\n\t\t\t\t<\/div>\n\t\t<div class=\"elementor-element elementor-element-2425a5c e-flex e-con-boxed e-con e-parent\" data-id=\"2425a5c\" data-element_type=\"container\" data-e-type=\"container\">\n\t\t\t\t\t<div class=\"e-con-inner\">\n\t\t<div class=\"elementor-element elementor-element-03a1dc2 e-con-full e-flex e-con e-child\" data-id=\"03a1dc2\" data-element_type=\"container\" data-e-type=\"container\">\n\t\t<div class=\"elementor-element elementor-element-c92be17 e-flex e-con-boxed e-con e-child\" data-id=\"c92be17\" data-element_type=\"container\" data-e-type=\"container\">\n\t\t\t\t\t<div class=\"e-con-inner\">\n\t\t\t\t<div class=\"elementor-element elementor-element-7166849 elementor-widget elementor-widget-heading\" data-id=\"7166849\" data-element_type=\"widget\" data-e-type=\"widget\" data-widget_type=\"heading.default\">\n\t\t\t\t<div class=\"elementor-widget-container\">\n\t\t\t\t\t<h3 class=\"elementor-heading-title elementor-size-default\">Les vacances parfaites en famille, avec d\u00e9tente et aventure<\/h3>\t\t\t\t<\/div>\n\t\t\t\t<\/div>\n\t\t\t\t<div class=\"elementor-element elementor-element-733791a elementor-widget elementor-widget-spacer\" data-id=\"733791a\" data-element_type=\"widget\" data-e-type=\"widget\" data-widget_type=\"spacer.default\">\n\t\t\t\t<div class=\"elementor-widget-container\">\n\t\t\t\t\t\t\t<div class=\"elementor-spacer\">\n\t\t\t<div class=\"elementor-spacer-inner\"><\/div>\n\t\t<\/div>\n\t\t\t\t\t\t<\/div>\n\t\t\t\t<\/div>\n\t\t\t\t<div class=\"elementor-element elementor-element-5c9805e elementor-widget elementor-widget-text-editor\" data-id=\"5c9805e\" data-element_type=\"widget\" data-e-type=\"widget\" data-widget_type=\"text-editor.default\">\n\t\t\t\t<div class=\"elementor-widget-container\">\n\t\t\t\t\t\t\t\t\t<p>La For\u00eat-Noire enthousiasme par ses for\u00eats denses, ses paysages pittoresques et ses sentiers de randonn\u00e9e bien am\u00e9nag\u00e9s - la destination id\u00e9ale pour les familles qui souhaitent \u00eatre actives et d\u00e9couvrir la nature ensemble. Notre h\u00f4tel familial <span style=\"color: #333333;\"><strong>H\u00f4tel Sonnhof-Sonnhalde<\/strong><\/span> propose l'h\u00e9bergement parfait pour vos prochaines vacances de randonn\u00e9e en For\u00eat-Noire. Vous d\u00e9couvrirez ici quels sentiers de randonn\u00e9e sont particuli\u00e8rement adapt\u00e9s aux familles et pourquoi la randonn\u00e9e a de nombreux effets positifs sur le corps, l'esprit et les liens familiaux.<\/p>\t\t\t\t\t\t\t\t<\/div>\n\t\t\t\t<\/div>\n\t\t\t\t\t<\/div>\n\t\t\t\t<\/div>\n\t\t\t\t<\/div>\n\t\t<div class=\"elementor-element elementor-element-d3318bd e-con-full e-flex e-con e-child\" data-id=\"d3318bd\" data-element_type=\"container\" data-e-type=\"container\">\n\t\t\t\t<div class=\"elementor-element elementor-element-5e5fd8a elementor-widget elementor-widget-image\" data-id=\"5e5fd8a\" data-element_type=\"widget\" data-e-type=\"widget\" data-widget_type=\"image.default\">\n\t\t\t\t<div class=\"elementor-widget-container\">\n\t\t\t\t\t\t\t\t\t\t\t\t<figure class=\"wp-caption\">\n\t\t\t\t\t\t\t\t\t\t<img decoding=\"async\" width=\"600\" height=\"399\" src=\"https:\/\/sonnenhof-sonnhalde.de\/wp-content\/uploads\/2024\/07\/SONNENHOF_WP.webp\" class=\"attachment-medium_large size-medium_large wp-image-7446\" alt=\"\" srcset=\"https:\/\/sonnenhof-sonnhalde.de\/wp-content\/uploads\/2024\/07\/SONNENHOF_WP.webp 600w, https:\/\/sonnenhof-sonnhalde.de\/wp-content\/uploads\/2024\/07\/SONNENHOF_WP-300x200.webp 300w\" sizes=\"(max-width: 600px) 100vw, 600px\" title=\"\">\t\t\t\t\t\t\t\t\t\t\t<figcaption class=\"widget-image-caption wp-caption-text\"><\/figcaption>\n\t\t\t\t\t\t\t\t\t\t<\/figure>\n\t\t\t\t\t\t\t\t\t<\/div>\n\t\t\t\t<\/div>\n\t\t\t\t<\/div>\n\t\t\t\t\t<\/div>\n\t\t\t\t<\/div>\n\t\t<div class=\"elementor-element elementor-element-30fa14b e-flex e-con-boxed e-con e-parent\" data-id=\"30fa14b\" data-element_type=\"container\" data-e-type=\"container\">\n\t\t\t\t\t<div class=\"e-con-inner\">\n\t\t\t\t<div class=\"elementor-element elementor-element-06adaca elementor-widget elementor-widget-spacer\" data-id=\"06adaca\" data-element_type=\"widget\" data-e-type=\"widget\" data-widget_type=\"spacer.default\">\n\t\t\t\t<div class=\"elementor-widget-container\">\n\t\t\t\t\t\t\t<div class=\"elementor-spacer\">\n\t\t\t<div class=\"elementor-spacer-inner\"><\/div>\n\t\t<\/div>\n\t\t\t\t\t\t<\/div>\n\t\t\t\t<\/div>\n\t\t\t\t\t<\/div>\n\t\t\t\t<\/div>\n\t\t<div class=\"elementor-element elementor-element-e1c403f e-flex e-con-boxed e-con e-parent\" data-id=\"e1c403f\" data-element_type=\"container\" data-e-type=\"container\">\n\t\t\t\t\t<div class=\"e-con-inner\">\n\t\t<div class=\"elementor-element elementor-element-6e6c50d e-con-full e-flex e-con e-child\" data-id=\"6e6c50d\" data-element_type=\"container\" data-e-type=\"container\">\n\t\t<div class=\"elementor-element elementor-element-771104c e-flex e-con-boxed e-con e-child\" data-id=\"771104c\" data-element_type=\"container\" data-e-type=\"container\">\n\t\t\t\t\t<div class=\"e-con-inner\">\n\t\t\t\t<div class=\"elementor-element elementor-element-9a73d1c elementor-widget elementor-widget-heading\" data-id=\"9a73d1c\" data-element_type=\"widget\" data-e-type=\"widget\" data-widget_type=\"heading.default\">\n\t\t\t\t<div class=\"elementor-widget-container\">\n\t\t\t\t\t<h3 class=\"elementor-heading-title elementor-size-default\">Pourquoi la randonn\u00e9e en famille dans la For\u00eat-Noire est si particuli\u00e8re<\/h3>\t\t\t\t<\/div>\n\t\t\t\t<\/div>\n\t\t\t\t<div class=\"elementor-element elementor-element-ac96b51 elementor-widget elementor-widget-spacer\" data-id=\"ac96b51\" data-element_type=\"widget\" data-e-type=\"widget\" data-widget_type=\"spacer.default\">\n\t\t\t\t<div class=\"elementor-widget-container\">\n\t\t\t\t\t\t\t<div class=\"elementor-spacer\">\n\t\t\t<div class=\"elementor-spacer-inner\"><\/div>\n\t\t<\/div>\n\t\t\t\t\t\t<\/div>\n\t\t\t\t<\/div>\n\t\t\t\t<div class=\"elementor-element elementor-element-f6e0809 elementor-widget elementor-widget-text-editor\" data-id=\"f6e0809\" data-element_type=\"widget\" data-e-type=\"widget\" data-widget_type=\"text-editor.default\">\n\t\t\t\t<div class=\"elementor-widget-container\">\n\t\t\t\t\t\t\t\t\t<p>Faire de la randonn\u00e9e dans la For\u00eat-Noire est une merveilleuse fa\u00e7on de passer du temps en famille tout en d\u00e9couvrant la nature. Pour les enfants en particulier, les soi-disant <span style=\"color: #333333;\"><strong>Sentiers de la for\u00eat enchant\u00e9e<\/strong><\/span> offrir un m\u00e9lange passionnant de jeu et d'aventure. En outre, la randonn\u00e9e pr\u00e9sente de nombreux avantages pour la sant\u00e9 et le psychisme, quel que soit l'\u00e2ge.<\/p>\t\t\t\t\t\t\t\t<\/div>\n\t\t\t\t<\/div>\n\t\t\t\t\t<\/div>\n\t\t\t\t<\/div>\n\t\t\t\t<\/div>\n\t\t<div class=\"elementor-element elementor-element-be9ee80 e-con-full e-flex e-con e-child\" data-id=\"be9ee80\" data-element_type=\"container\" data-e-type=\"container\">\n\t\t\t\t<div class=\"elementor-element elementor-element-7ab2a78 elementor-widget elementor-widget-image\" data-id=\"7ab2a78\" data-element_type=\"widget\" data-e-type=\"widget\" data-widget_type=\"image.default\">\n\t\t\t\t<div class=\"elementor-widget-container\">\n\t\t\t\t\t\t\t\t\t\t\t\t<figure class=\"wp-caption\">\n\t\t\t\t\t\t\t\t\t\t<img loading=\"lazy\" decoding=\"async\" width=\"768\" height=\"512\" src=\"https:\/\/sonnenhof-sonnhalde.de\/wp-content\/uploads\/2024\/07\/Aktiv_1-768x512.webp\" class=\"attachment-medium_large size-medium_large wp-image-7720\" alt=\"\" srcset=\"https:\/\/sonnenhof-sonnhalde.de\/wp-content\/uploads\/2024\/07\/Aktiv_1-768x512.webp 768w, https:\/\/sonnenhof-sonnhalde.de\/wp-content\/uploads\/2024\/07\/Aktiv_1-300x200.webp 300w, https:\/\/sonnenhof-sonnhalde.de\/wp-content\/uploads\/2024\/07\/Aktiv_1-1024x683.webp 1024w, https:\/\/sonnenhof-sonnhalde.de\/wp-content\/uploads\/2024\/07\/Aktiv_1-1536x1024.webp 1536w, https:\/\/sonnenhof-sonnhalde.de\/wp-content\/uploads\/2024\/07\/Aktiv_1-2048x1366.webp 2048w, https:\/\/sonnenhof-sonnhalde.de\/wp-content\/uploads\/2024\/07\/elementor\/thumbs\/Aktiv_1-qqsfakzl8fvs1cem9vygi72uqoi0cmygygc95cmi74.webp 600w\" sizes=\"(max-width: 768px) 100vw, 768px\" title=\"\">\t\t\t\t\t\t\t\t\t\t\t<figcaption class=\"widget-image-caption wp-caption-text\"><\/figcaption>\n\t\t\t\t\t\t\t\t\t\t<\/figure>\n\t\t\t\t\t\t\t\t\t<\/div>\n\t\t\t\t<\/div>\n\t\t\t\t<\/div>\n\t\t\t\t\t<\/div>\n\t\t\t\t<\/div>\n\t\t<div class=\"elementor-element elementor-element-3d0daf9 e-flex e-con-boxed e-con e-parent\" data-id=\"3d0daf9\" data-element_type=\"container\" data-e-type=\"container\">\n\t\t\t\t\t<div class=\"e-con-inner\">\n\t\t\t\t<div class=\"elementor-element elementor-element-c8645f7 elementor-widget elementor-widget-spacer\" data-id=\"c8645f7\" data-element_type=\"widget\" data-e-type=\"widget\" data-widget_type=\"spacer.default\">\n\t\t\t\t<div class=\"elementor-widget-container\">\n\t\t\t\t\t\t\t<div class=\"elementor-spacer\">\n\t\t\t<div class=\"elementor-spacer-inner\"><\/div>\n\t\t<\/div>\n\t\t\t\t\t\t<\/div>\n\t\t\t\t<\/div>\n\t\t\t\t\t<\/div>\n\t\t\t\t<\/div>\n\t\t<div class=\"elementor-element elementor-element-a81031b e-flex e-con-boxed e-con e-parent\" data-id=\"a81031b\" data-element_type=\"container\" data-e-type=\"container\">\n\t\t\t\t\t<div class=\"e-con-inner\">\n\t\t\t\t<div class=\"elementor-element elementor-element-1f542a3 elementor-widget elementor-widget-heading\" data-id=\"1f542a3\" data-element_type=\"widget\" data-e-type=\"widget\" data-widget_type=\"heading.default\">\n\t\t\t\t<div class=\"elementor-widget-container\">\n\t\t\t\t\t<h2 class=\"elementor-heading-title elementor-size-default\">Les bienfaits de la randonn\u00e9e pour le corps et l'esprit<\/h2>\t\t\t\t<\/div>\n\t\t\t\t<\/div>\n\t\t\t\t\t<\/div>\n\t\t\t\t<\/div>\n\t\t<div class=\"elementor-element elementor-element-4fee3b7 e-flex e-con-boxed e-con e-parent\" data-id=\"4fee3b7\" data-element_type=\"container\" data-e-type=\"container\">\n\t\t\t\t\t<div class=\"e-con-inner\">\n\t\t\t\t<div class=\"elementor-element elementor-element-8e73ee0 elementor-widget elementor-widget-heading\" data-id=\"8e73ee0\" data-element_type=\"widget\" data-e-type=\"widget\" data-widget_type=\"heading.default\">\n\t\t\t\t<div class=\"elementor-widget-container\">\n\t\t\t\t\t<h3 class=\"elementor-heading-title elementor-size-default\">La sant\u00e9 physique gr\u00e2ce \u00e0 la randonn\u00e9e<\/h3>\t\t\t\t<\/div>\n\t\t\t\t<\/div>\n\t\t\t\t<div class=\"elementor-element elementor-element-e7dab41 elementor-widget elementor-widget-text-editor\" data-id=\"e7dab41\" data-element_type=\"widget\" data-e-type=\"widget\" data-widget_type=\"text-editor.default\">\n\t\t\t\t<div class=\"elementor-widget-container\">\n\t\t\t\t\t\t\t\t\t<p>La randonn\u00e9e est une excellente forme d'exercice physique qui convient particuli\u00e8rement bien \u00e0 la promotion de la sant\u00e9 physique. Outre la pr\u00e9vention des maladies cardio-vasculaires, elle permet d'entra\u00eener le sens de l'\u00e9quilibre et de renforcer la musculature. Pour les enfants en particulier, une activit\u00e9 physique r\u00e9guli\u00e8re est d\u00e9cisive pour un d\u00e9veloppement sain.<\/p>\t\t\t\t\t\t\t\t<\/div>\n\t\t\t\t<\/div>\n\t\t\t\t\t<\/div>\n\t\t\t\t<\/div>\n\t\t<div class=\"elementor-element elementor-element-7dbacca e-flex e-con-boxed e-con e-parent\" data-id=\"7dbacca\" data-element_type=\"container\" data-e-type=\"container\">\n\t\t\t\t\t<div class=\"e-con-inner\">\n\t\t\t\t<div class=\"elementor-element elementor-element-2005b21 elementor-widget elementor-widget-heading\" data-id=\"2005b21\" data-element_type=\"widget\" data-e-type=\"widget\" data-widget_type=\"heading.default\">\n\t\t\t\t<div class=\"elementor-widget-container\">\n\t\t\t\t\t<h3 class=\"elementor-heading-title elementor-size-default\">Sant\u00e9 psychique - un repos pour l'\u00e2me<\/h3>\t\t\t\t<\/div>\n\t\t\t\t<\/div>\n\t\t\t\t<div class=\"elementor-element elementor-element-0ee41e7 elementor-widget elementor-widget-text-editor\" data-id=\"0ee41e7\" data-element_type=\"widget\" data-e-type=\"widget\" data-widget_type=\"text-editor.default\">\n\t\t\t\t<div class=\"elementor-widget-container\">\n\t\t\t\t\t\t\t\t\t<p>La randonn\u00e9e dans la verdure permet de r\u00e9duire le stress et d'am\u00e9liorer l'humeur. La nature paisible de la For\u00eat-Noire a un effet apaisant et cr\u00e9e une atmosph\u00e8re d\u00e9tendue dans laquelle la famille peut laisser le quotidien derri\u00e8re elle.<\/p>\t\t\t\t\t\t\t\t<\/div>\n\t\t\t\t<\/div>\n\t\t\t\t\t<\/div>\n\t\t\t\t<\/div>\n\t\t<div class=\"elementor-element elementor-element-67ee63a e-flex e-con-boxed e-con e-parent\" data-id=\"67ee63a\" data-element_type=\"container\" data-e-type=\"container\">\n\t\t\t\t\t<div class=\"e-con-inner\">\n\t\t\t\t<div class=\"elementor-element elementor-element-634d395 elementor-widget elementor-widget-heading\" data-id=\"634d395\" data-element_type=\"widget\" data-e-type=\"widget\" data-widget_type=\"heading.default\">\n\t\t\t\t<div class=\"elementor-widget-container\">\n\t\t\t\t\t<h3 class=\"elementor-heading-title elementor-size-default\">Renforcer le lien social au sein de la famille<\/h3>\t\t\t\t<\/div>\n\t\t\t\t<\/div>\n\t\t\t\t<div class=\"elementor-element elementor-element-adc08f6 elementor-widget elementor-widget-text-editor\" data-id=\"adc08f6\" data-element_type=\"widget\" data-e-type=\"widget\" data-widget_type=\"text-editor.default\">\n\t\t\t\t<div class=\"elementor-widget-container\">\n\t\t\t\t\t\t\t\t\t<p>Les activit\u00e9s communes renforcent les liens familiaux. Des \u00e9tudes montrent que les exp\u00e9riences dans la nature conduisent \u00e0 une communication et une collaboration plus intenses. Les enfants comme les adultes accumulent ainsi de pr\u00e9cieux souvenirs communs qui resteront longtemps en m\u00e9moire.<\/p>\t\t\t\t\t\t\t\t<\/div>\n\t\t\t\t<\/div>\n\t\t\t\t\t<\/div>\n\t\t\t\t<\/div>\n\t\t<div class=\"elementor-element elementor-element-5b0de25 e-flex e-con-boxed e-con e-parent\" data-id=\"5b0de25\" data-element_type=\"container\" data-e-type=\"container\">\n\t\t\t\t\t<div class=\"e-con-inner\">\n\t\t\t\t<div class=\"elementor-element elementor-element-9acdd09 elementor-widget elementor-widget-heading\" data-id=\"9acdd09\" data-element_type=\"widget\" data-e-type=\"widget\" data-widget_type=\"heading.default\">\n\t\t\t\t<div class=\"elementor-widget-container\">\n\t\t\t\t\t<h3 class=\"elementor-heading-title elementor-size-default\">Sensibilisation \u00e0 l'environnement et \u00e9ducation des enfants<\/h3>\t\t\t\t<\/div>\n\t\t\t\t<\/div>\n\t\t\t\t<div class=\"elementor-element elementor-element-191cf24 elementor-widget elementor-widget-text-editor\" data-id=\"191cf24\" data-element_type=\"widget\" data-e-type=\"widget\" data-widget_type=\"text-editor.default\">\n\t\t\t\t<div class=\"elementor-widget-container\">\n\t\t\t\t\t\t\t\t\t<p>La randonn\u00e9e offre aux enfants la possibilit\u00e9 de d\u00e9couvrir la nature. Ils d\u00e9couvrent les animaux et les plantes, ce qui les aide \u00e0 d\u00e9velopper une conscience de l'environnement. Les sentiers de la for\u00eat magique de la For\u00eat-Noire, en particulier, sont con\u00e7us pour les enfants de mani\u00e8re \u00e0 la fois instructive et divertissante.<\/p>\t\t\t\t\t\t\t\t<\/div>\n\t\t\t\t<\/div>\n\t\t\t\t\t<\/div>\n\t\t\t\t<\/div>\n\t\t<div class=\"elementor-element elementor-element-0e87418 e-flex e-con-boxed e-con e-parent\" data-id=\"0e87418\" data-element_type=\"container\" data-e-type=\"container\">\n\t\t\t\t\t<div class=\"e-con-inner\">\n\t\t\t\t<div class=\"elementor-element elementor-element-9a14a86 elementor-widget elementor-widget-spacer\" data-id=\"9a14a86\" data-element_type=\"widget\" data-e-type=\"widget\" data-widget_type=\"spacer.default\">\n\t\t\t\t<div class=\"elementor-widget-container\">\n\t\t\t\t\t\t\t<div class=\"elementor-spacer\">\n\t\t\t<div class=\"elementor-spacer-inner\"><\/div>\n\t\t<\/div>\n\t\t\t\t\t\t<\/div>\n\t\t\t\t<\/div>\n\t\t\t\t\t<\/div>\n\t\t\t\t<\/div>\n\t\t<div class=\"elementor-element elementor-element-4c9294e e-flex e-con-boxed e-con e-parent\" data-id=\"4c9294e\" data-element_type=\"container\" data-e-type=\"container\">\n\t\t\t\t\t<div class=\"e-con-inner\">\n\t\t<div class=\"elementor-element elementor-element-18f4a99 e-con-full e-flex e-con e-child\" data-id=\"18f4a99\" data-element_type=\"container\" data-e-type=\"container\">\n\t\t<div class=\"elementor-element elementor-element-56bd159 e-flex e-con-boxed e-con e-child\" data-id=\"56bd159\" data-element_type=\"container\" data-e-type=\"container\">\n\t\t\t\t\t<div class=\"e-con-inner\">\n\t\t\t\t<div class=\"elementor-element elementor-element-2336f1b elementor-widget elementor-widget-heading\" data-id=\"2336f1b\" data-element_type=\"widget\" data-e-type=\"widget\" data-widget_type=\"heading.default\">\n\t\t\t\t<div class=\"elementor-widget-container\">\n\t\t\t\t\t<h3 class=\"elementor-heading-title elementor-size-default\">Les plus beaux sentiers de randonn\u00e9e familiale de la For\u00eat-Noire<\/h3>\t\t\t\t<\/div>\n\t\t\t\t<\/div>\n\t\t\t\t<div class=\"elementor-element elementor-element-18fcf25 elementor-widget elementor-widget-spacer\" data-id=\"18fcf25\" data-element_type=\"widget\" data-e-type=\"widget\" data-widget_type=\"spacer.default\">\n\t\t\t\t<div class=\"elementor-widget-container\">\n\t\t\t\t\t\t\t<div class=\"elementor-spacer\">\n\t\t\t<div class=\"elementor-spacer-inner\"><\/div>\n\t\t<\/div>\n\t\t\t\t\t\t<\/div>\n\t\t\t\t<\/div>\n\t\t\t\t<div class=\"elementor-element elementor-element-5205f95 elementor-widget elementor-widget-text-editor\" data-id=\"5205f95\" data-element_type=\"widget\" data-e-type=\"widget\" data-widget_type=\"text-editor.default\">\n\t\t\t\t<div class=\"elementor-widget-container\">\n\t\t\t\t\t\t\t\t\t<p>La For\u00eat-Noire offre un large choix de sentiers de randonn\u00e9e adapt\u00e9s aux familles. Nous pr\u00e9sentons ci-dessous quelques-uns des itin\u00e9raires les plus populaires, qui combinent aventure, apprentissage et exercice physique.<\/p>\t\t\t\t\t\t\t\t<\/div>\n\t\t\t\t<\/div>\n\t\t\t\t\t<\/div>\n\t\t\t\t<\/div>\n\t\t\t\t<\/div>\n\t\t<div class=\"elementor-element elementor-element-64a4470 e-con-full e-flex e-con e-child\" data-id=\"64a4470\" data-element_type=\"container\" data-e-type=\"container\">\n\t\t\t\t<div class=\"elementor-element elementor-element-a283979 elementor-widget elementor-widget-image\" data-id=\"a283979\" data-element_type=\"widget\" data-e-type=\"widget\" data-widget_type=\"image.default\">\n\t\t\t\t<div class=\"elementor-widget-container\">\n\t\t\t\t\t\t\t\t\t\t\t\t<figure class=\"wp-caption\">\n\t\t\t\t\t\t\t\t\t\t<img loading=\"lazy\" decoding=\"async\" width=\"768\" height=\"512\" src=\"https:\/\/sonnenhof-sonnhalde.de\/wp-content\/uploads\/2024\/07\/Aktiv_2-768x512.webp\" class=\"attachment-medium_large size-medium_large wp-image-7729\" alt=\"\" srcset=\"https:\/\/sonnenhof-sonnhalde.de\/wp-content\/uploads\/2024\/07\/Aktiv_2-768x512.webp 768w, https:\/\/sonnenhof-sonnhalde.de\/wp-content\/uploads\/2024\/07\/Aktiv_2-300x200.webp 300w, https:\/\/sonnenhof-sonnhalde.de\/wp-content\/uploads\/2024\/07\/Aktiv_2-1024x683.webp 1024w, https:\/\/sonnenhof-sonnhalde.de\/wp-content\/uploads\/2024\/07\/Aktiv_2-1536x1024.webp 1536w, https:\/\/sonnenhof-sonnhalde.de\/wp-content\/uploads\/2024\/07\/Aktiv_2-2048x1366.webp 2048w, https:\/\/sonnenhof-sonnhalde.de\/wp-content\/uploads\/2024\/07\/elementor\/thumbs\/Aktiv_2-qqtkikmn47cpqktstcmb1pt5ee3opqambit580aqow.webp 600w\" sizes=\"(max-width: 768px) 100vw, 768px\" title=\"\">\t\t\t\t\t\t\t\t\t\t\t<figcaption class=\"widget-image-caption wp-caption-text\"><\/figcaption>\n\t\t\t\t\t\t\t\t\t\t<\/figure>\n\t\t\t\t\t\t\t\t\t<\/div>\n\t\t\t\t<\/div>\n\t\t\t\t<\/div>\n\t\t\t\t\t<\/div>\n\t\t\t\t<\/div>\n\t\t<div class=\"elementor-element elementor-element-0884f2e e-flex e-con-boxed e-con e-parent\" data-id=\"0884f2e\" data-element_type=\"container\" data-e-type=\"container\">\n\t\t\t\t\t<div class=\"e-con-inner\">\n\t\t\t\t<div class=\"elementor-element elementor-element-55f40ea elementor-widget elementor-widget-spacer\" data-id=\"55f40ea\" data-element_type=\"widget\" data-e-type=\"widget\" data-widget_type=\"spacer.default\">\n\t\t\t\t<div class=\"elementor-widget-container\">\n\t\t\t\t\t\t\t<div class=\"elementor-spacer\">\n\t\t\t<div class=\"elementor-spacer-inner\"><\/div>\n\t\t<\/div>\n\t\t\t\t\t\t<\/div>\n\t\t\t\t<\/div>\n\t\t\t\t\t<\/div>\n\t\t\t\t<\/div>\n\t\t<div class=\"elementor-element elementor-element-72353d5 e-flex e-con-boxed e-con e-parent\" data-id=\"72353d5\" data-element_type=\"container\" data-e-type=\"container\">\n\t\t\t\t\t<div class=\"e-con-inner\">\n\t\t\t\t<div class=\"elementor-element elementor-element-fe93074 elementor-widget elementor-widget-heading\" data-id=\"fe93074\" data-element_type=\"widget\" data-e-type=\"widget\" data-widget_type=\"heading.default\">\n\t\t\t\t<div class=\"elementor-widget-container\">\n\t\t\t\t\t<h2 class=\"elementor-heading-title elementor-size-default\">Sentier de la for\u00eat enchant\u00e9e dans la haute vall\u00e9e de Bernau<\/h2>\t\t\t\t<\/div>\n\t\t\t\t<\/div>\n\t\t\t\t\t<\/div>\n\t\t\t\t<\/div>\n\t\t<div class=\"elementor-element elementor-element-b7a9f13 e-flex e-con-boxed e-con e-parent\" data-id=\"b7a9f13\" data-element_type=\"container\" data-e-type=\"container\">\n\t\t\t\t\t<div class=\"e-con-inner\">\n\t\t\t\t<div class=\"elementor-element elementor-element-f04db13 elementor-widget elementor-widget-text-editor\" data-id=\"f04db13\" data-element_type=\"widget\" data-e-type=\"widget\" data-widget_type=\"text-editor.default\">\n\t\t\t\t<div class=\"elementor-widget-container\">\n\t\t\t\t\t\t\t\t\t<p>Un v\u00e9ritable point fort pour les familles est le <span style=\"color: #333333;\"><strong>Sentier de la for\u00eat enchant\u00e9e<\/strong><\/span> dans la haute vall\u00e9e de Bernau. Ce circuit de 2,4 kilom\u00e8tres est \u00e0 la fois adapt\u00e9 aux poussettes et facile \u00e0 parcourir et traverse le haut-marais idyllique de Taubenmoos. Le long du chemin, il y a des stations interactives o\u00f9 les enfants peuvent jouer et apprendre. Des histoires sur le monast\u00e8re englouti et le myst\u00e9rieux \"Schweinewiibli\" stimulent l'imagination des enfants.<\/p>\t\t\t\t\t\t\t\t<\/div>\n\t\t\t\t<\/div>\n\t\t\t\t\t<\/div>\n\t\t\t\t<\/div>\n\t\t<div class=\"elementor-element elementor-element-6a2f0f8 e-flex e-con-boxed e-con e-parent\" data-id=\"6a2f0f8\" data-element_type=\"container\" data-e-type=\"container\">\n\t\t\t\t\t<div class=\"e-con-inner\">\n\t\t\t\t<div class=\"elementor-element elementor-element-f6c554f elementor-widget elementor-widget-spacer\" data-id=\"f6c554f\" data-element_type=\"widget\" data-e-type=\"widget\" data-widget_type=\"spacer.default\">\n\t\t\t\t<div class=\"elementor-widget-container\">\n\t\t\t\t\t\t\t<div class=\"elementor-spacer\">\n\t\t\t<div class=\"elementor-spacer-inner\"><\/div>\n\t\t<\/div>\n\t\t\t\t\t\t<\/div>\n\t\t\t\t<\/div>\n\t\t\t\t\t<\/div>\n\t\t\t\t<\/div>\n\t\t<div class=\"elementor-element elementor-element-75d5edc e-flex e-con-boxed e-con e-parent\" data-id=\"75d5edc\" data-element_type=\"container\" data-e-type=\"container\">\n\t\t\t\t\t<div class=\"e-con-inner\">\n\t\t<div class=\"elementor-element elementor-element-a9a3706 e-con-full e-flex e-con e-child\" data-id=\"a9a3706\" data-element_type=\"container\" data-e-type=\"container\">\n\t\t<div class=\"elementor-element elementor-element-ca56ca7 e-flex e-con-boxed e-con e-child\" data-id=\"ca56ca7\" data-element_type=\"container\" data-e-type=\"container\">\n\t\t\t\t\t<div class=\"e-con-inner\">\n\t\t\t\t<div class=\"elementor-element elementor-element-c2cf313 elementor-widget elementor-widget-heading\" data-id=\"c2cf313\" data-element_type=\"widget\" data-e-type=\"widget\" data-widget_type=\"heading.default\">\n\t\t\t\t<div class=\"elementor-widget-container\">\n\t\t\t\t\t<h3 class=\"elementor-heading-title elementor-size-default\">Infos pratiques sur le sentier de la for\u00eat enchant\u00e9e<\/h3>\t\t\t\t<\/div>\n\t\t\t\t<\/div>\n\t\t\t\t<div class=\"elementor-element elementor-element-afacd54 elementor-widget elementor-widget-spacer\" data-id=\"afacd54\" data-element_type=\"widget\" data-e-type=\"widget\" data-widget_type=\"spacer.default\">\n\t\t\t\t<div class=\"elementor-widget-container\">\n\t\t\t\t\t\t\t<div class=\"elementor-spacer\">\n\t\t\t<div class=\"elementor-spacer-inner\"><\/div>\n\t\t<\/div>\n\t\t\t\t\t\t<\/div>\n\t\t\t\t<\/div>\n\t\t\t\t<div class=\"elementor-element elementor-element-34cd98f elementor-widget elementor-widget-text-editor\" data-id=\"34cd98f\" data-element_type=\"widget\" data-e-type=\"widget\" data-widget_type=\"text-editor.default\">\n\t\t\t\t<div class=\"elementor-widget-container\">\n\t\t\t\t\t\t\t\t\t<ul>\n<li><span style=\"color: #333333;\"><strong>Longueur<\/strong>:<\/span> 2,4 kilom\u00e8tres<\/li>\n<li><span style=\"color: #333333;\"><strong>Convient pour<\/strong>:<\/span> Poussettes et familles avec enfants en bas \u00e2ge<\/li>\n<li><span style=\"color: #333333;\"><strong>Meilleure p\u00e9riode de l'ann\u00e9e<\/strong>:<\/span> Accessible toute l'ann\u00e9e<\/li>\n<li><span style=\"color: #333333;\"><strong>Attractions<\/strong>:<\/span> Stations de jeux et de contes, exp\u00e9riences autour de la flore et de la faune<\/li>\n<\/ul>\t\t\t\t\t\t\t\t<\/div>\n\t\t\t\t<\/div>\n\t\t\t\t\t<\/div>\n\t\t\t\t<\/div>\n\t\t\t\t<\/div>\n\t\t<div class=\"elementor-element elementor-element-dc2d187 e-con-full e-flex e-con e-child\" data-id=\"dc2d187\" data-element_type=\"container\" data-e-type=\"container\">\n\t\t\t\t<div class=\"elementor-element elementor-element-26befdc elementor-widget elementor-widget-image\" data-id=\"26befdc\" data-element_type=\"widget\" data-e-type=\"widget\" data-widget_type=\"image.default\">\n\t\t\t\t<div class=\"elementor-widget-container\">\n\t\t\t\t\t\t\t\t\t\t\t\t<figure class=\"wp-caption\">\n\t\t\t\t\t\t\t\t\t\t<img loading=\"lazy\" decoding=\"async\" width=\"768\" height=\"512\" src=\"https:\/\/sonnenhof-sonnhalde.de\/wp-content\/uploads\/2024\/09\/Screenshot-2024-10-25-at-15-35-17-Zauberwald-Pfad-in-Bernau-im-Schwarzwald-Erlebnispfad-Themenweg-Familienweg-768x512.png\" class=\"attachment-medium_large size-medium_large wp-image-10578\" alt=\"\" srcset=\"https:\/\/sonnenhof-sonnhalde.de\/wp-content\/uploads\/2024\/09\/Screenshot-2024-10-25-at-15-35-17-Zauberwald-Pfad-in-Bernau-im-Schwarzwald-Erlebnispfad-Themenweg-Familienweg-768x512.png 768w, https:\/\/sonnenhof-sonnhalde.de\/wp-content\/uploads\/2024\/09\/Screenshot-2024-10-25-at-15-35-17-Zauberwald-Pfad-in-Bernau-im-Schwarzwald-Erlebnispfad-Themenweg-Familienweg-300x200.png 300w, https:\/\/sonnenhof-sonnhalde.de\/wp-content\/uploads\/2024\/09\/Screenshot-2024-10-25-at-15-35-17-Zauberwald-Pfad-in-Bernau-im-Schwarzwald-Erlebnispfad-Themenweg-Familienweg-1024x682.png 1024w, https:\/\/sonnenhof-sonnhalde.de\/wp-content\/uploads\/2024\/09\/Screenshot-2024-10-25-at-15-35-17-Zauberwald-Pfad-in-Bernau-im-Schwarzwald-Erlebnispfad-Themenweg-Familienweg.png 1055w\" sizes=\"(max-width: 768px) 100vw, 768px\" title=\"\">\t\t\t\t\t\t\t\t\t\t\t<figcaption class=\"widget-image-caption wp-caption-text\"><\/figcaption>\n\t\t\t\t\t\t\t\t\t\t<\/figure>\n\t\t\t\t\t\t\t\t\t<\/div>\n\t\t\t\t<\/div>\n\t\t\t\t<\/div>\n\t\t\t\t\t<\/div>\n\t\t\t\t<\/div>\n\t\t<div class=\"elementor-element elementor-element-4aa51f5 e-flex e-con-boxed e-con e-parent\" data-id=\"4aa51f5\" data-element_type=\"container\" data-e-type=\"container\">\n\t\t\t\t\t<div class=\"e-con-inner\">\n\t\t\t\t<div class=\"elementor-element elementor-element-0c8d999 elementor-widget elementor-widget-spacer\" data-id=\"0c8d999\" data-element_type=\"widget\" data-e-type=\"widget\" data-widget_type=\"spacer.default\">\n\t\t\t\t<div class=\"elementor-widget-container\">\n\t\t\t\t\t\t\t<div class=\"elementor-spacer\">\n\t\t\t<div class=\"elementor-spacer-inner\"><\/div>\n\t\t<\/div>\n\t\t\t\t\t\t<\/div>\n\t\t\t\t<\/div>\n\t\t\t\t<div class=\"elementor-element elementor-element-34369ba elementor-widget elementor-widget-heading\" data-id=\"34369ba\" data-element_type=\"widget\" data-e-type=\"widget\" data-widget_type=\"heading.default\">\n\t\t\t\t<div class=\"elementor-widget-container\">\n\t\t\t\t\t<h2 class=\"elementor-heading-title elementor-size-default\">Sentier des contes \"Le c\u0153ur froid\" \u00e0 Bad Wildbad<\/h2>\t\t\t\t<\/div>\n\t\t\t\t<\/div>\n\t\t\t\t\t<\/div>\n\t\t\t\t<\/div>\n\t\t<div class=\"elementor-element elementor-element-8b73b11 e-flex e-con-boxed e-con e-parent\" data-id=\"8b73b11\" data-element_type=\"container\" data-e-type=\"container\">\n\t\t\t\t\t<div class=\"e-con-inner\">\n\t\t\t\t<div class=\"elementor-element elementor-element-7c684f2 elementor-widget elementor-widget-text-editor\" data-id=\"7c684f2\" data-element_type=\"widget\" data-e-type=\"widget\" data-widget_type=\"text-editor.default\">\n\t\t\t\t<div class=\"elementor-widget-container\">\n\t\t\t\t\t\t\t\t\t<p>Le site <span style=\"color: #333333;\"><strong>Sentier des contes \"Le c\u0153ur froid<\/strong><\/span> est un sentier de randonn\u00e9e passionnant de 3,2 kilom\u00e8tres qui commence sur le Sommerberg pr\u00e8s de Bad Wildbad. Ici, les visiteurs sont plong\u00e9s dans l'univers du c\u00e9l\u00e8bre conte de Wilhelm Hauff. L'histoire de Peter Munk et du Holl\u00e4nder-Michel est racont\u00e9e \u00e0 diff\u00e9rentes stations. Le sentier est accessible aux personnes \u00e0 mobilit\u00e9 r\u00e9duite et convient donc \u00e9galement aux poussettes et aux fauteuils roulants.<\/p>\t\t\t\t\t\t\t\t<\/div>\n\t\t\t\t<\/div>\n\t\t\t\t\t<\/div>\n\t\t\t\t<\/div>\n\t\t<div class=\"elementor-element elementor-element-5dfd54d e-flex e-con-boxed e-con e-parent\" data-id=\"5dfd54d\" data-element_type=\"container\" data-e-type=\"container\">\n\t\t\t\t\t<div class=\"e-con-inner\">\n\t\t\t\t<div class=\"elementor-element elementor-element-6910655 elementor-widget elementor-widget-spacer\" data-id=\"6910655\" data-element_type=\"widget\" data-e-type=\"widget\" data-widget_type=\"spacer.default\">\n\t\t\t\t<div class=\"elementor-widget-container\">\n\t\t\t\t\t\t\t<div class=\"elementor-spacer\">\n\t\t\t<div class=\"elementor-spacer-inner\"><\/div>\n\t\t<\/div>\n\t\t\t\t\t\t<\/div>\n\t\t\t\t<\/div>\n\t\t\t\t\t<\/div>\n\t\t\t\t<\/div>\n\t\t<div class=\"elementor-element elementor-element-32653b6 e-flex e-con-boxed e-con e-parent\" data-id=\"32653b6\" data-element_type=\"container\" data-e-type=\"container\">\n\t\t\t\t\t<div class=\"e-con-inner\">\n\t\t<div class=\"elementor-element elementor-element-ed7fc52 e-con-full e-flex e-con e-child\" data-id=\"ed7fc52\" data-element_type=\"container\" data-e-type=\"container\">\n\t\t<div class=\"elementor-element elementor-element-ee0ee93 e-flex e-con-boxed e-con e-child\" data-id=\"ee0ee93\" data-element_type=\"container\" data-e-type=\"container\">\n\t\t\t\t\t<div class=\"e-con-inner\">\n\t\t\t\t<div class=\"elementor-element elementor-element-5026ad7 elementor-widget elementor-widget-heading\" data-id=\"5026ad7\" data-element_type=\"widget\" data-e-type=\"widget\" data-widget_type=\"heading.default\">\n\t\t\t\t<div class=\"elementor-widget-container\">\n\t\t\t\t\t<h3 class=\"elementor-heading-title elementor-size-default\">Informations pratiques sur le sentier des contes \"Le c\u0153ur froid<\/h3>\t\t\t\t<\/div>\n\t\t\t\t<\/div>\n\t\t\t\t<div class=\"elementor-element elementor-element-02d0339 elementor-widget elementor-widget-spacer\" data-id=\"02d0339\" data-element_type=\"widget\" data-e-type=\"widget\" data-widget_type=\"spacer.default\">\n\t\t\t\t<div class=\"elementor-widget-container\">\n\t\t\t\t\t\t\t<div class=\"elementor-spacer\">\n\t\t\t<div class=\"elementor-spacer-inner\"><\/div>\n\t\t<\/div>\n\t\t\t\t\t\t<\/div>\n\t\t\t\t<\/div>\n\t\t\t\t<div class=\"elementor-element elementor-element-f14fa61 elementor-widget elementor-widget-text-editor\" data-id=\"f14fa61\" data-element_type=\"widget\" data-e-type=\"widget\" data-widget_type=\"text-editor.default\">\n\t\t\t\t<div class=\"elementor-widget-container\">\n\t\t\t\t\t\t\t\t\t<ul>\n<li><span style=\"color: #333333;\"><strong>Longueur<\/strong>:<\/span> 3,2 kilom\u00e8tres<\/li>\n<li><span style=\"color: #333333;\"><strong>Convient pour<\/strong>:<\/span> Poussettes et fauteuils roulants<\/li>\n<li><span style=\"color: #333333;\"><strong>Attractions<\/strong>:<\/span> Jeux audio, panneaux d'information, application web interactive<\/li>\n<li><span style=\"color: #333333;\"><strong>Autres attractions \u00e0 proximit\u00e9<\/strong>:<\/span> Sentier des cimes de la For\u00eat-Noire, for\u00eat d'aventure et pont suspendu WILDLINE<\/li>\n<\/ul>\t\t\t\t\t\t\t\t<\/div>\n\t\t\t\t<\/div>\n\t\t\t\t\t<\/div>\n\t\t\t\t<\/div>\n\t\t\t\t<\/div>\n\t\t<div class=\"elementor-element elementor-element-3aaa792 e-con-full e-flex e-con e-child\" data-id=\"3aaa792\" data-element_type=\"container\" data-e-type=\"container\">\n\t\t\t\t<div class=\"elementor-element elementor-element-4157238 elementor-widget elementor-widget-image\" data-id=\"4157238\" data-element_type=\"widget\" data-e-type=\"widget\" data-widget_type=\"image.default\">\n\t\t\t\t<div class=\"elementor-widget-container\">\n\t\t\t\t\t\t\t\t\t\t\t\t<figure class=\"wp-caption\">\n\t\t\t\t\t\t\t\t\t\t<img loading=\"lazy\" decoding=\"async\" width=\"768\" height=\"576\" src=\"https:\/\/sonnenhof-sonnhalde.de\/wp-content\/uploads\/2024\/09\/Maerchenweg_copyright_Locher_Fotodesign_Manufaktur_1__822516_1611586661_77.webp\" class=\"attachment-medium_large size-medium_large wp-image-10580\" alt=\"\" srcset=\"https:\/\/sonnenhof-sonnhalde.de\/wp-content\/uploads\/2024\/09\/Maerchenweg_copyright_Locher_Fotodesign_Manufaktur_1__822516_1611586661_77.webp 768w, https:\/\/sonnenhof-sonnhalde.de\/wp-content\/uploads\/2024\/09\/Maerchenweg_copyright_Locher_Fotodesign_Manufaktur_1__822516_1611586661_77-300x225.webp 300w\" sizes=\"(max-width: 768px) 100vw, 768px\" title=\"\">\t\t\t\t\t\t\t\t\t\t\t<figcaption class=\"widget-image-caption wp-caption-text\"><\/figcaption>\n\t\t\t\t\t\t\t\t\t\t<\/figure>\n\t\t\t\t\t\t\t\t\t<\/div>\n\t\t\t\t<\/div>\n\t\t\t\t<\/div>\n\t\t\t\t\t<\/div>\n\t\t\t\t<\/div>\n\t\t<div class=\"elementor-element elementor-element-1bc5159 e-flex e-con-boxed e-con e-parent\" data-id=\"1bc5159\" data-element_type=\"container\" data-e-type=\"container\">\n\t\t\t\t\t<div class=\"e-con-inner\">\n\t\t\t\t<div class=\"elementor-element elementor-element-4fdedf4 elementor-widget elementor-widget-spacer\" data-id=\"4fdedf4\" data-element_type=\"widget\" data-e-type=\"widget\" data-widget_type=\"spacer.default\">\n\t\t\t\t<div class=\"elementor-widget-container\">\n\t\t\t\t\t\t\t<div class=\"elementor-spacer\">\n\t\t\t<div class=\"elementor-spacer-inner\"><\/div>\n\t\t<\/div>\n\t\t\t\t\t\t<\/div>\n\t\t\t\t<\/div>\n\t\t\t\t\t<\/div>\n\t\t\t\t<\/div>\n\t\t<div class=\"elementor-element elementor-element-0e4aa11 e-flex e-con-boxed e-con e-parent\" data-id=\"0e4aa11\" data-element_type=\"container\" data-e-type=\"container\">\n\t\t\t\t\t<div class=\"e-con-inner\">\n\t\t\t\t<div class=\"elementor-element elementor-element-bed023b elementor-widget elementor-widget-heading\" data-id=\"bed023b\" data-element_type=\"widget\" data-e-type=\"widget\" data-widget_type=\"heading.default\">\n\t\t\t\t<div class=\"elementor-widget-container\">\n\t\t\t\t\t<h2 class=\"elementor-heading-title elementor-size-default\">Sentier magique du Hasenhorn \u00e0 Todtnau<\/h2>\t\t\t\t<\/div>\n\t\t\t\t<\/div>\n\t\t\t\t\t<\/div>\n\t\t\t\t<\/div>\n\t\t<div class=\"elementor-element elementor-element-b540585 e-flex e-con-boxed e-con e-parent\" data-id=\"b540585\" data-element_type=\"container\" data-e-type=\"container\">\n\t\t\t\t\t<div class=\"e-con-inner\">\n\t\t\t\t<div class=\"elementor-element elementor-element-8bb65bd elementor-widget elementor-widget-text-editor\" data-id=\"8bb65bd\" data-element_type=\"widget\" data-e-type=\"widget\" data-widget_type=\"text-editor.default\">\n\t\t\t\t<div class=\"elementor-widget-container\">\n\t\t\t\t\t\t\t\t\t<p>Le site <span style=\"color: #333333;\"><strong>Le sentier magique du Hasenhorn<\/strong><\/span> est un sentier de randonn\u00e9e pour enfants de 4 kilom\u00e8tres \u00e0 Todtnau, qui descend de la station sup\u00e9rieure du t\u00e9l\u00e9si\u00e8ge du Hasenhorn. Ici, les petits aventuriers sont emmen\u00e9s par les lutins Illex et Farfara dans un monde plein de magie. Le long du chemin, il y a de nombreuses stations de jeux, une grotte de chauve-souris et un barbecue.<\/p>\t\t\t\t\t\t\t\t<\/div>\n\t\t\t\t<\/div>\n\t\t\t\t\t<\/div>\n\t\t\t\t<\/div>\n\t\t<div class=\"elementor-element elementor-element-61fce0f e-flex e-con-boxed e-con e-parent\" data-id=\"61fce0f\" data-element_type=\"container\" data-e-type=\"container\">\n\t\t\t\t\t<div class=\"e-con-inner\">\n\t\t\t\t<div class=\"elementor-element elementor-element-c18f314 elementor-widget elementor-widget-spacer\" data-id=\"c18f314\" data-element_type=\"widget\" data-e-type=\"widget\" data-widget_type=\"spacer.default\">\n\t\t\t\t<div class=\"elementor-widget-container\">\n\t\t\t\t\t\t\t<div class=\"elementor-spacer\">\n\t\t\t<div class=\"elementor-spacer-inner\"><\/div>\n\t\t<\/div>\n\t\t\t\t\t\t<\/div>\n\t\t\t\t<\/div>\n\t\t\t\t\t<\/div>\n\t\t\t\t<\/div>\n\t\t<div class=\"elementor-element elementor-element-600867a e-flex e-con-boxed e-con e-parent\" data-id=\"600867a\" data-element_type=\"container\" data-e-type=\"container\">\n\t\t\t\t\t<div class=\"e-con-inner\">\n\t\t<div class=\"elementor-element elementor-element-1eef273 e-con-full e-flex e-con e-child\" data-id=\"1eef273\" data-element_type=\"container\" data-e-type=\"container\">\n\t\t<div class=\"elementor-element elementor-element-aadc655 e-flex e-con-boxed e-con e-child\" data-id=\"aadc655\" data-element_type=\"container\" data-e-type=\"container\">\n\t\t\t\t\t<div class=\"e-con-inner\">\n\t\t\t\t<div class=\"elementor-element elementor-element-2ae7730 elementor-widget elementor-widget-heading\" data-id=\"2ae7730\" data-element_type=\"widget\" data-e-type=\"widget\" data-widget_type=\"heading.default\">\n\t\t\t\t<div class=\"elementor-widget-container\">\n\t\t\t\t\t<h3 class=\"elementor-heading-title elementor-size-default\">Infos pratiques sur le sentier magique du Hasenhorn<\/h3>\t\t\t\t<\/div>\n\t\t\t\t<\/div>\n\t\t\t\t<div class=\"elementor-element elementor-element-2a1ffd3 elementor-widget elementor-widget-spacer\" data-id=\"2a1ffd3\" data-element_type=\"widget\" data-e-type=\"widget\" data-widget_type=\"spacer.default\">\n\t\t\t\t<div class=\"elementor-widget-container\">\n\t\t\t\t\t\t\t<div class=\"elementor-spacer\">\n\t\t\t<div class=\"elementor-spacer-inner\"><\/div>\n\t\t<\/div>\n\t\t\t\t\t\t<\/div>\n\t\t\t\t<\/div>\n\t\t\t\t<div class=\"elementor-element elementor-element-7dc7825 elementor-widget elementor-widget-text-editor\" data-id=\"7dc7825\" data-element_type=\"widget\" data-e-type=\"widget\" data-widget_type=\"text-editor.default\">\n\t\t\t\t<div class=\"elementor-widget-container\">\n\t\t\t\t\t\t\t\t\t<ul>\n<li><span style=\"color: #333333;\"><strong>Longueur<\/strong>:<\/span> 4 kilom\u00e8tres<\/li>\n<li><span style=\"color: #333333;\"><strong>D\u00e9nivel\u00e9<\/strong>:<\/span> 400 m\u00e8tres<\/li>\n<li><span style=\"color: #333333;\"><strong>Attractions<\/strong>:<\/span> Stations de jeux, grotte de chauve-souris, barbecue<\/li>\n<li><span style=\"color: #333333;\"><strong>Acc\u00e8s<\/strong>:<\/span> Toute l'ann\u00e9e<\/li>\n<\/ul>\t\t\t\t\t\t\t\t<\/div>\n\t\t\t\t<\/div>\n\t\t\t\t\t<\/div>\n\t\t\t\t<\/div>\n\t\t\t\t<\/div>\n\t\t<div class=\"elementor-element elementor-element-bbb2785 e-con-full e-flex e-con e-child\" data-id=\"bbb2785\" data-element_type=\"container\" data-e-type=\"container\">\n\t\t\t\t<div class=\"elementor-element elementor-element-26cc02e elementor-widget elementor-widget-image\" data-id=\"26cc02e\" data-element_type=\"widget\" data-e-type=\"widget\" data-widget_type=\"image.default\">\n\t\t\t\t<div class=\"elementor-widget-container\">\n\t\t\t\t\t\t\t\t\t\t\t\t<figure class=\"wp-caption\">\n\t\t\t\t\t\t\t\t\t\t<img loading=\"lazy\" decoding=\"async\" width=\"768\" height=\"512\" src=\"https:\/\/sonnenhof-sonnhalde.de\/wp-content\/uploads\/2024\/09\/preview-768x512.webp\" class=\"attachment-medium_large size-medium_large wp-image-10582\" alt=\"\" srcset=\"https:\/\/sonnenhof-sonnhalde.de\/wp-content\/uploads\/2024\/09\/preview-768x512.webp 768w, https:\/\/sonnenhof-sonnhalde.de\/wp-content\/uploads\/2024\/09\/preview-300x200.webp 300w, https:\/\/sonnenhof-sonnhalde.de\/wp-content\/uploads\/2024\/09\/preview-1024x683.webp 1024w, https:\/\/sonnenhof-sonnhalde.de\/wp-content\/uploads\/2024\/09\/preview-1536x1024.webp 1536w, https:\/\/sonnenhof-sonnhalde.de\/wp-content\/uploads\/2024\/09\/preview.webp 1600w\" sizes=\"(max-width: 768px) 100vw, 768px\" title=\"\">\t\t\t\t\t\t\t\t\t\t\t<figcaption class=\"widget-image-caption wp-caption-text\"><\/figcaption>\n\t\t\t\t\t\t\t\t\t\t<\/figure>\n\t\t\t\t\t\t\t\t\t<\/div>\n\t\t\t\t<\/div>\n\t\t\t\t<\/div>\n\t\t\t\t\t<\/div>\n\t\t\t\t<\/div>\n\t\t<div class=\"elementor-element elementor-element-fff9cee e-flex e-con-boxed e-con e-parent\" data-id=\"fff9cee\" data-element_type=\"container\" data-e-type=\"container\">\n\t\t\t\t\t<div class=\"e-con-inner\">\n\t\t\t\t<div class=\"elementor-element elementor-element-55574a1 elementor-widget elementor-widget-spacer\" data-id=\"55574a1\" data-element_type=\"widget\" data-e-type=\"widget\" data-widget_type=\"spacer.default\">\n\t\t\t\t<div class=\"elementor-widget-container\">\n\t\t\t\t\t\t\t<div class=\"elementor-spacer\">\n\t\t\t<div class=\"elementor-spacer-inner\"><\/div>\n\t\t<\/div>\n\t\t\t\t\t\t<\/div>\n\t\t\t\t<\/div>\n\t\t\t\t\t<\/div>\n\t\t\t\t<\/div>\n\t\t<div class=\"elementor-element elementor-element-736de9f e-flex e-con-boxed e-con e-parent\" data-id=\"736de9f\" data-element_type=\"container\" data-e-type=\"container\">\n\t\t\t\t\t<div class=\"e-con-inner\">\n\t\t\t\t<div class=\"elementor-element elementor-element-93f96b3 elementor-widget elementor-widget-heading\" data-id=\"93f96b3\" data-element_type=\"widget\" data-e-type=\"widget\" data-widget_type=\"heading.default\">\n\t\t\t\t<div class=\"elementor-widget-container\">\n\t\t\t\t\t<h2 class=\"elementor-heading-title elementor-size-default\">Sentier Schl\u00fch\u00fcwanapfad \u00e0 Grafenhausen<\/h2>\t\t\t\t<\/div>\n\t\t\t\t<\/div>\n\t\t\t\t\t<\/div>\n\t\t\t\t<\/div>\n\t\t<div class=\"elementor-element elementor-element-5b3d237 e-flex e-con-boxed e-con e-parent\" data-id=\"5b3d237\" data-element_type=\"container\" data-e-type=\"container\">\n\t\t\t\t\t<div class=\"e-con-inner\">\n\t\t\t\t<div class=\"elementor-element elementor-element-076b5e9 elementor-widget elementor-widget-text-editor\" data-id=\"076b5e9\" data-element_type=\"widget\" data-e-type=\"widget\" data-widget_type=\"text-editor.default\">\n\t\t\t\t<div class=\"elementor-widget-container\">\n\t\t\t\t\t\t\t\t\t<p>Les 2,6 kilom\u00e8tres de <span style=\"color: #333333;\"><strong>Sentier de la Schl\u00fcwana<\/strong><\/span> est un sentier de d\u00e9couverte \u00e0 Grafenhausen qui se distingue particuli\u00e8rement par ses stations interactives et sensorielles. Les enfants peuvent y d\u00e9couvrir la nature sur un sentier pieds nus, jouer de la musique au xylophone forestier et se balancer sur des ponts.<\/p>\t\t\t\t\t\t\t\t<\/div>\n\t\t\t\t<\/div>\n\t\t\t\t\t<\/div>\n\t\t\t\t<\/div>\n\t\t<div class=\"elementor-element elementor-element-9191e8e e-flex e-con-boxed e-con e-parent\" data-id=\"9191e8e\" data-element_type=\"container\" data-e-type=\"container\">\n\t\t\t\t\t<div class=\"e-con-inner\">\n\t\t\t\t<div class=\"elementor-element elementor-element-c98f866 elementor-widget elementor-widget-spacer\" data-id=\"c98f866\" data-element_type=\"widget\" data-e-type=\"widget\" data-widget_type=\"spacer.default\">\n\t\t\t\t<div class=\"elementor-widget-container\">\n\t\t\t\t\t\t\t<div class=\"elementor-spacer\">\n\t\t\t<div class=\"elementor-spacer-inner\"><\/div>\n\t\t<\/div>\n\t\t\t\t\t\t<\/div>\n\t\t\t\t<\/div>\n\t\t\t\t\t<\/div>\n\t\t\t\t<\/div>\n\t\t<div class=\"elementor-element elementor-element-e73b194 e-flex e-con-boxed e-con e-parent\" data-id=\"e73b194\" data-element_type=\"container\" data-e-type=\"container\">\n\t\t\t\t\t<div class=\"e-con-inner\">\n\t\t<div class=\"elementor-element elementor-element-6dc8199 e-con-full e-flex e-con e-child\" data-id=\"6dc8199\" data-element_type=\"container\" data-e-type=\"container\">\n\t\t<div class=\"elementor-element elementor-element-2adba42 e-flex e-con-boxed e-con e-child\" data-id=\"2adba42\" data-element_type=\"container\" data-e-type=\"container\">\n\t\t\t\t\t<div class=\"e-con-inner\">\n\t\t\t\t<div class=\"elementor-element elementor-element-2578876 elementor-widget elementor-widget-heading\" data-id=\"2578876\" data-element_type=\"widget\" data-e-type=\"widget\" data-widget_type=\"heading.default\">\n\t\t\t\t<div class=\"elementor-widget-container\">\n\t\t\t\t\t<h3 class=\"elementor-heading-title elementor-size-default\">Infos pratiques sur le sentier Schl\u00fch\u00fcwanapfad<\/h3>\t\t\t\t<\/div>\n\t\t\t\t<\/div>\n\t\t\t\t<div class=\"elementor-element elementor-element-211947a elementor-widget elementor-widget-spacer\" data-id=\"211947a\" data-element_type=\"widget\" data-e-type=\"widget\" data-widget_type=\"spacer.default\">\n\t\t\t\t<div class=\"elementor-widget-container\">\n\t\t\t\t\t\t\t<div class=\"elementor-spacer\">\n\t\t\t<div class=\"elementor-spacer-inner\"><\/div>\n\t\t<\/div>\n\t\t\t\t\t\t<\/div>\n\t\t\t\t<\/div>\n\t\t\t\t<div class=\"elementor-element elementor-element-443ab10 elementor-widget elementor-widget-text-editor\" data-id=\"443ab10\" data-element_type=\"widget\" data-e-type=\"widget\" data-widget_type=\"text-editor.default\">\n\t\t\t\t<div class=\"elementor-widget-container\">\n\t\t\t\t\t\t\t\t\t<ul>\n<li><span style=\"color: #333333;\"><strong>Longueur<\/strong>:<\/span> 2,6 kilom\u00e8tres<\/li>\n<li><span style=\"color: #333333;\"><strong>Convient pour<\/strong>:<\/span> Poussettes et sorties en famille<\/li>\n<li><span style=\"color: #333333;\"><strong>Attractions<\/strong>:<\/span> Figurines en bois, sentier pieds nus, xylophone forestier<\/li>\n<li><span style=\"color: #333333;\"><strong>Conseil<\/strong>:<\/span> Visitez aussi la \"Maison des sens de la For\u00eat-Noire\" \u00e0 proximit\u00e9<\/li>\n<\/ul>\t\t\t\t\t\t\t\t<\/div>\n\t\t\t\t<\/div>\n\t\t\t\t\t<\/div>\n\t\t\t\t<\/div>\n\t\t\t\t<\/div>\n\t\t<div class=\"elementor-element elementor-element-57c3652 e-con-full e-flex e-con e-child\" data-id=\"57c3652\" data-element_type=\"container\" data-e-type=\"container\">\n\t\t\t\t<div class=\"elementor-element elementor-element-903de84 elementor-widget elementor-widget-image\" data-id=\"903de84\" data-element_type=\"widget\" data-e-type=\"widget\" data-widget_type=\"image.default\">\n\t\t\t\t<div class=\"elementor-widget-container\">\n\t\t\t\t\t\t\t\t\t\t\t\t<figure class=\"wp-caption\">\n\t\t\t\t\t\t\t\t\t\t<img loading=\"lazy\" decoding=\"async\" width=\"768\" height=\"513\" src=\"https:\/\/sonnenhof-sonnhalde.de\/wp-content\/uploads\/2024\/09\/preview-1-768x513.webp\" class=\"attachment-medium_large size-medium_large wp-image-10583\" alt=\"\" srcset=\"https:\/\/sonnenhof-sonnhalde.de\/wp-content\/uploads\/2024\/09\/preview-1-768x513.webp 768w, https:\/\/sonnenhof-sonnhalde.de\/wp-content\/uploads\/2024\/09\/preview-1-300x200.webp 300w, https:\/\/sonnenhof-sonnhalde.de\/wp-content\/uploads\/2024\/09\/preview-1-1024x684.webp 1024w, https:\/\/sonnenhof-sonnhalde.de\/wp-content\/uploads\/2024\/09\/preview-1-1536x1025.webp 1536w, https:\/\/sonnenhof-sonnhalde.de\/wp-content\/uploads\/2024\/09\/preview-1.webp 1600w\" sizes=\"(max-width: 768px) 100vw, 768px\" title=\"\">\t\t\t\t\t\t\t\t\t\t\t<figcaption class=\"widget-image-caption wp-caption-text\"><\/figcaption>\n\t\t\t\t\t\t\t\t\t\t<\/figure>\n\t\t\t\t\t\t\t\t\t<\/div>\n\t\t\t\t<\/div>\n\t\t\t\t<\/div>\n\t\t\t\t\t<\/div>\n\t\t\t\t<\/div>\n\t\t<div class=\"elementor-element elementor-element-fbe7a1f e-flex e-con-boxed e-con e-parent\" data-id=\"fbe7a1f\" data-element_type=\"container\" data-e-type=\"container\">\n\t\t\t\t\t<div class=\"e-con-inner\">\n\t\t\t\t<div class=\"elementor-element elementor-element-f08b3d9 elementor-widget elementor-widget-spacer\" data-id=\"f08b3d9\" data-element_type=\"widget\" data-e-type=\"widget\" data-widget_type=\"spacer.default\">\n\t\t\t\t<div class=\"elementor-widget-container\">\n\t\t\t\t\t\t\t<div class=\"elementor-spacer\">\n\t\t\t<div class=\"elementor-spacer-inner\"><\/div>\n\t\t<\/div>\n\t\t\t\t\t\t<\/div>\n\t\t\t\t<\/div>\n\t\t\t\t\t<\/div>\n\t\t\t\t<\/div>\n\t\t<div class=\"elementor-element elementor-element-1f71901 e-flex e-con-boxed e-con e-parent\" data-id=\"1f71901\" data-element_type=\"container\" data-e-type=\"container\">\n\t\t\t\t\t<div class=\"e-con-inner\">\n\t\t\t\t<div class=\"elementor-element elementor-element-0f58ba7 elementor-widget elementor-widget-heading\" data-id=\"0f58ba7\" data-element_type=\"widget\" data-e-type=\"widget\" data-widget_type=\"heading.default\">\n\t\t\t\t<div class=\"elementor-widget-container\">\n\t\t\t\t\t<h2 class=\"elementor-heading-title elementor-size-default\">Conseils pour la randonn\u00e9e en famille dans la For\u00eat-Noire<\/h2>\t\t\t\t<\/div>\n\t\t\t\t<\/div>\n\t\t\t\t\t<\/div>\n\t\t\t\t<\/div>\n\t\t<div class=\"elementor-element elementor-element-f948696 e-flex e-con-boxed e-con e-parent\" data-id=\"f948696\" data-element_type=\"container\" data-e-type=\"container\">\n\t\t\t\t\t<div class=\"e-con-inner\">\n\t\t\t\t<div class=\"elementor-element elementor-element-c3eba3f elementor-widget elementor-widget-spacer\" data-id=\"c3eba3f\" data-element_type=\"widget\" data-e-type=\"widget\" data-widget_type=\"spacer.default\">\n\t\t\t\t<div class=\"elementor-widget-container\">\n\t\t\t\t\t\t\t<div class=\"elementor-spacer\">\n\t\t\t<div class=\"elementor-spacer-inner\"><\/div>\n\t\t<\/div>\n\t\t\t\t\t\t<\/div>\n\t\t\t\t<\/div>\n\t\t\t\t\t<\/div>\n\t\t\t\t<\/div>\n\t\t<div class=\"elementor-element elementor-element-2cf285e e-flex e-con-boxed e-con e-parent\" data-id=\"2cf285e\" data-element_type=\"container\" data-e-type=\"container\">\n\t\t\t\t\t<div class=\"e-con-inner\">\n\t\t\t\t<div class=\"elementor-element elementor-element-471cd97 elementor-widget elementor-widget-heading\" data-id=\"471cd97\" data-element_type=\"widget\" data-e-type=\"widget\" data-widget_type=\"heading.default\">\n\t\t\t\t<div class=\"elementor-widget-container\">\n\t\t\t\t\t<h3 class=\"elementor-heading-title elementor-size-default\">Planification et choix de l'itin\u00e9raire<\/h3>\t\t\t\t<\/div>\n\t\t\t\t<\/div>\n\t\t\t\t\t<\/div>\n\t\t\t\t<\/div>\n\t\t<div class=\"elementor-element elementor-element-e5cb739 e-flex e-con-boxed e-con e-parent\" data-id=\"e5cb739\" data-element_type=\"container\" data-e-type=\"container\">\n\t\t\t\t\t<div class=\"e-con-inner\">\n\t\t\t\t<div class=\"elementor-element elementor-element-877a01b elementor-widget elementor-widget-text-editor\" data-id=\"877a01b\" data-element_type=\"widget\" data-e-type=\"widget\" data-widget_type=\"text-editor.default\">\n\t\t\t\t<div class=\"elementor-widget-container\">\n\t\t\t\t\t\t\t\t\t<p>Choisissez un itin\u00e9raire qui convienne \u00e0 tous les membres de la famille, en tenant compte de l'\u00e2ge et de la condition physique des enfants. Les sentiers magiques et les itin\u00e9raires adapt\u00e9s aux enfants, comme ceux de la For\u00eat-Noire, sont id\u00e9aux, car ils proposent g\u00e9n\u00e9ralement des stations interactives pour les plus petits.<\/p>\t\t\t\t\t\t\t\t<\/div>\n\t\t\t\t<\/div>\n\t\t\t\t\t<\/div>\n\t\t\t\t<\/div>\n\t\t<div class=\"elementor-element elementor-element-d8706bf e-flex e-con-boxed e-con e-parent\" data-id=\"d8706bf\" data-element_type=\"container\" data-e-type=\"container\">\n\t\t\t\t\t<div class=\"e-con-inner\">\n\t\t\t\t<div class=\"elementor-element elementor-element-9ea5176 elementor-widget elementor-widget-heading\" data-id=\"9ea5176\" data-element_type=\"widget\" data-e-type=\"widget\" data-widget_type=\"heading.default\">\n\t\t\t\t<div class=\"elementor-widget-container\">\n\t\t\t\t\t<h3 class=\"elementor-heading-title elementor-size-default\">\u00c9quipement et nourriture<\/h3>\t\t\t\t<\/div>\n\t\t\t\t<\/div>\n\t\t\t\t\t<\/div>\n\t\t\t\t<\/div>\n\t\t<div class=\"elementor-element elementor-element-8414473 e-flex e-con-boxed e-con e-parent\" data-id=\"8414473\" data-element_type=\"container\" data-e-type=\"container\">\n\t\t\t\t\t<div class=\"e-con-inner\">\n\t\t\t\t<div class=\"elementor-element elementor-element-5e2fc13 elementor-widget elementor-widget-text-editor\" data-id=\"5e2fc13\" data-element_type=\"widget\" data-e-type=\"widget\" data-widget_type=\"text-editor.default\">\n\t\t\t\t<div class=\"elementor-widget-container\">\n\t\t\t\t\t\t\t\t\t<p>Veillez \u00e0 porter des v\u00eatements qui r\u00e9sistent aux intemp\u00e9ries et des chaussures de marche confortables. Emportez \u00e9galement suffisamment de nourriture et d'eau. Les pauses sont particuli\u00e8rement importantes pour les enfants lors de longues randonn\u00e9es.<\/p>\t\t\t\t\t\t\t\t<\/div>\n\t\t\t\t<\/div>\n\t\t\t\t\t<\/div>\n\t\t\t\t<\/div>\n\t\t<div class=\"elementor-element elementor-element-84a3770 e-flex e-con-boxed e-con e-parent\" data-id=\"84a3770\" data-element_type=\"container\" data-e-type=\"container\">\n\t\t\t\t\t<div class=\"e-con-inner\">\n\t\t\t\t<div class=\"elementor-element elementor-element-3b8cf1e elementor-widget elementor-widget-heading\" data-id=\"3b8cf1e\" data-element_type=\"widget\" data-e-type=\"widget\" data-widget_type=\"heading.default\">\n\t\t\t\t<div class=\"elementor-widget-container\">\n\t\t\t\t\t<h3 class=\"elementor-heading-title elementor-size-default\">S\u00e9curit\u00e9 et conditions m\u00e9t\u00e9orologiques<\/h3>\t\t\t\t<\/div>\n\t\t\t\t<\/div>\n\t\t\t\t\t<\/div>\n\t\t\t\t<\/div>\n\t\t<div class=\"elementor-element elementor-element-e3cfbcd e-flex e-con-boxed e-con e-parent\" data-id=\"e3cfbcd\" data-element_type=\"container\" data-e-type=\"container\">\n\t\t\t\t\t<div class=\"e-con-inner\">\n\t\t\t\t<div class=\"elementor-element elementor-element-cd78d0c elementor-widget elementor-widget-text-editor\" data-id=\"cd78d0c\" data-element_type=\"widget\" data-e-type=\"widget\" data-widget_type=\"text-editor.default\">\n\t\t\t\t<div class=\"elementor-widget-container\">\n\t\t\t\t\t\t\t\t\t<p>Avant de partir en randonn\u00e9e, v\u00e9rifiez la m\u00e9t\u00e9o et les conditions actuelles du parcours. Il est conseill\u00e9 de suivre les chemins balis\u00e9s et d'expliquer aux enfants les r\u00e8gles de s\u00e9curit\u00e9.<\/p>\t\t\t\t\t\t\t\t<\/div>\n\t\t\t\t<\/div>\n\t\t\t\t\t<\/div>\n\t\t\t\t<\/div>\n\t\t<div class=\"elementor-element elementor-element-540a947 e-flex e-con-boxed e-con e-parent\" data-id=\"540a947\" data-element_type=\"container\" data-e-type=\"container\">\n\t\t\t\t\t<div class=\"e-con-inner\">\n\t\t\t\t<div class=\"elementor-element elementor-element-5671b67 elementor-widget elementor-widget-heading\" data-id=\"5671b67\" data-element_type=\"widget\" data-e-type=\"widget\" data-widget_type=\"heading.default\">\n\t\t\t\t<div class=\"elementor-widget-container\">\n\t\t\t\t\t<h3 class=\"elementor-heading-title elementor-size-default\">Motivation et id\u00e9es de jeux pour les enfants<\/h3>\t\t\t\t<\/div>\n\t\t\t\t<\/div>\n\t\t\t\t\t<\/div>\n\t\t\t\t<\/div>\n\t\t<div class=\"elementor-element elementor-element-9c431be e-flex e-con-boxed e-con e-parent\" data-id=\"9c431be\" data-element_type=\"container\" data-e-type=\"container\">\n\t\t\t\t\t<div class=\"e-con-inner\">\n\t\t\t\t<div class=\"elementor-element elementor-element-627b7fa elementor-widget elementor-widget-text-editor\" data-id=\"627b7fa\" data-element_type=\"widget\" data-e-type=\"widget\" data-widget_type=\"text-editor.default\">\n\t\t\t\t<div class=\"elementor-widget-container\">\n\t\t\t\t\t\t\t\t\t<p>Int\u00e9grez des jeux ou des t\u00e2ches dans la randonn\u00e9e. Vous pouvez ainsi motiver davantage les enfants et les divertir, par exemple en organisant un petit quiz sur la nature ou une chasse au tr\u00e9sor le long du chemin.<\/p>\t\t\t\t\t\t\t\t<\/div>\n\t\t\t\t<\/div>\n\t\t\t\t\t<\/div>\n\t\t\t\t<\/div>\n\t\t<div class=\"elementor-element elementor-element-42b877a e-flex e-con-boxed e-con e-parent\" data-id=\"42b877a\" data-element_type=\"container\" data-e-type=\"container\">\n\t\t\t\t\t<div class=\"e-con-inner\">\n\t\t\t\t<div class=\"elementor-element elementor-element-60f208f elementor-widget elementor-widget-spacer\" data-id=\"60f208f\" data-element_type=\"widget\" data-e-type=\"widget\" data-widget_type=\"spacer.default\">\n\t\t\t\t<div class=\"elementor-widget-container\">\n\t\t\t\t\t\t\t<div class=\"elementor-spacer\">\n\t\t\t<div class=\"elementor-spacer-inner\"><\/div>\n\t\t<\/div>\n\t\t\t\t\t\t<\/div>\n\t\t\t\t<\/div>\n\t\t\t\t\t<\/div>\n\t\t\t\t<\/div>\n\t\t<div class=\"elementor-element elementor-element-788f52c e-flex e-con-boxed e-con e-parent\" data-id=\"788f52c\" data-element_type=\"container\" data-e-type=\"container\">\n\t\t\t\t\t<div class=\"e-con-inner\">\n\t\t\t\t<div class=\"elementor-element elementor-element-6165488 elementor-widget elementor-widget-heading\" data-id=\"6165488\" data-element_type=\"widget\" data-e-type=\"widget\" data-widget_type=\"heading.default\">\n\t\t\t\t<div class=\"elementor-widget-container\">\n\t\t\t\t\t<h2 class=\"elementor-heading-title elementor-size-default\">Randonn\u00e9e familiale en For\u00eat-Noire<\/h2>\t\t\t\t<\/div>\n\t\t\t\t<\/div>\n\t\t\t\t\t<\/div>\n\t\t\t\t<\/div>\n\t\t<div class=\"elementor-element elementor-element-0e1ae5d e-flex e-con-boxed e-con e-parent\" data-id=\"0e1ae5d\" data-element_type=\"container\" data-e-type=\"container\">\n\t\t\t\t\t<div class=\"e-con-inner\">\n\t\t\t\t<div class=\"elementor-element elementor-element-4370379 elementor-widget elementor-widget-text-editor\" data-id=\"4370379\" data-element_type=\"widget\" data-e-type=\"widget\" data-widget_type=\"text-editor.default\">\n\t\t\t\t<div class=\"elementor-widget-container\">\n\t\t\t\t\t\t\t\t\t<p>La For\u00eat-Noire est un paradis pour les familles qui souhaitent d\u00e9couvrir la nature ensemble. Les nombreux sentiers de randonn\u00e9e adapt\u00e9s aux familles, notamment les sentiers de la magie et des contes, offrent des exp\u00e9riences inoubliables et la possibilit\u00e9 de d\u00e9couvrir la nature de mani\u00e8re ludique.<\/p>\n<p>Vivez votre prochaine <span style=\"color: #333333;\"><strong>Vacances de randonn\u00e9e en For\u00eat-Noire<\/strong><\/span> et profitez de votre s\u00e9jour \u00e0 l'h\u00f4tel Sonnhof-Sonnhalde, qui est le point de d\u00e9part id\u00e9al pour ces aventures.<\/p>\t\t\t\t\t\t\t\t<\/div>\n\t\t\t\t<\/div>\n\t\t\t\t\t<\/div>\n\t\t\t\t<\/div>\n\t\t<div class=\"elementor-element elementor-element-3692479 e-flex e-con-boxed e-con e-parent\" data-id=\"3692479\" data-element_type=\"container\" data-e-type=\"container\">\n\t\t\t\t\t<div class=\"e-con-inner\">\n\t\t\t\t<div class=\"elementor-element elementor-element-50fb4c6 elementor-widget elementor-widget-spacer\" data-id=\"50fb4c6\" data-element_type=\"widget\" data-e-type=\"widget\" data-widget_type=\"spacer.default\">\n\t\t\t\t<div class=\"elementor-widget-container\">\n\t\t\t\t\t\t\t<div class=\"elementor-spacer\">\n\t\t\t<div class=\"elementor-spacer-inner\"><\/div>\n\t\t<\/div>\n\t\t\t\t\t\t<\/div>\n\t\t\t\t<\/div>\n\t\t\t\t\t<\/div>\n\t\t\t\t<\/div>\n\t\t<div class=\"elementor-element elementor-element-8e724c5 e-flex e-con-boxed e-con e-parent\" data-id=\"8e724c5\" data-element_type=\"container\" data-e-type=\"container\">\n\t\t\t\t\t<div class=\"e-con-inner\">\n\t\t\t\t<div class=\"elementor-element elementor-element-07bced3 elementor-share-buttons--shape-circle elementor-grid-3 elementor-grid-mobile-1 elementor-share-buttons--view-icon-text elementor-share-buttons--skin-gradient elementor-share-buttons--color-official elementor-widget elementor-widget-share-buttons\" data-id=\"07bced3\" data-element_type=\"widget\" data-e-type=\"widget\" data-settings=\"{&quot;_animation&quot;:&quot;none&quot;,&quot;_animation_mobile&quot;:&quot;none&quot;}\" data-widget_type=\"share-buttons.default\">\n\t\t\t\t<div class=\"elementor-widget-container\">\n\t\t\t\t\t\t\t<div class=\"elementor-grid\" role=\"list\">\n\t\t\t\t\t\t\t\t<div class=\"elementor-grid-item\" role=\"listitem\">\n\t\t\t\t\t\t<div class=\"elementor-share-btn elementor-share-btn_facebook\" role=\"button\" tabindex=\"0\" aria-label=\"Partager sur facebook\">\n\t\t\t\t\t\t\t\t\t\t\t\t\t\t\t<span class=\"elementor-share-btn__icon\">\n\t\t\t\t\t\t\t\t<svg aria-hidden=\"true\" class=\"e-font-icon-svg e-fab-facebook\" viewbox=\"0 0 512 512\" xmlns=\"http:\/\/www.w3.org\/2000\/svg\"><path d=\"M504 256C504 119 393 8 256 8S8 119 8 256c0 123.78 90.69 226.38 209.25 245V327.69h-63V256h63v-54.64c0-62.15 37-96.48 93.67-96.48 27.14 0 55.52 4.84 55.52 4.84v61h-31.28c-30.8 0-40.41 19.12-40.41 38.73V256h68.78l-11 71.69h-57.78V501C413.31 482.38 504 379.78 504 256z\"><\/path><\/svg>\t\t\t\t\t\t\t<\/span>\n\t\t\t\t\t\t\t\t\t\t\t\t\t\t\t\t\t\t\t\t\t\t<div class=\"elementor-share-btn__text\">\n\t\t\t\t\t\t\t\t\t\t\t\t\t\t\t\t\t\t\t<span class=\"elementor-share-btn__title\">\n\t\t\t\t\t\t\t\t\t\tFacebook\t\t\t\t\t\t\t\t\t<\/span>\n\t\t\t\t\t\t\t\t\t\t\t\t\t\t\t\t\t<\/div>\n\t\t\t\t\t\t\t\t\t\t\t\t\t<\/div>\n\t\t\t\t\t<\/div>\n\t\t\t\t\t\t\t\t\t<div class=\"elementor-grid-item\" role=\"listitem\">\n\t\t\t\t\t\t<div class=\"elementor-share-btn elementor-share-btn_whatsapp\" role=\"button\" tabindex=\"0\" aria-label=\"Partager sur whatsapp\">\n\t\t\t\t\t\t\t\t\t\t\t\t\t\t\t<span class=\"elementor-share-btn__icon\">\n\t\t\t\t\t\t\t\t<svg aria-hidden=\"true\" class=\"e-font-icon-svg e-fab-whatsapp\" viewbox=\"0 0 448 512\" xmlns=\"http:\/\/www.w3.org\/2000\/svg\"><path d=\"M380.9 97.1C339 55.1 283.2 32 223.9 32c-122.4 0-222 99.6-222 222 0 39.1 10.2 77.3 29.6 111L0 480l117.7-30.9c32.4 17.7 68.9 27 106.1 27h.1c122.3 0 224.1-99.6 224.1-222 0-59.3-25.2-115-67.1-157zm-157 341.6c-33.2 0-65.7-8.9-94-25.7l-6.7-4-69.8 18.3L72 359.2l-4.4-7c-18.5-29.4-28.2-63.3-28.2-98.2 0-101.7 82.8-184.5 184.6-184.5 49.3 0 95.6 19.2 130.4 54.1 34.8 34.9 56.2 81.2 56.1 130.5 0 101.8-84.9 184.6-186.6 184.6zm101.2-138.2c-5.5-2.8-32.8-16.2-37.9-18-5.1-1.9-8.8-2.8-12.5 2.8-3.7 5.6-14.3 18-17.6 21.8-3.2 3.7-6.5 4.2-12 1.4-32.6-16.3-54-29.1-75.5-66-5.7-9.8 5.7-9.1 16.3-30.3 1.8-3.7.9-6.9-.5-9.7-1.4-2.8-12.5-30.1-17.1-41.2-4.5-10.8-9.1-9.3-12.5-9.5-3.2-.2-6.9-.2-10.6-.2-3.7 0-9.7 1.4-14.8 6.9-5.1 5.6-19.4 19-19.4 46.3 0 27.3 19.9 53.7 22.6 57.4 2.8 3.7 39.1 59.7 94.8 83.8 35.2 15.2 49 16.5 66.6 13.9 10.7-1.6 32.8-13.4 37.4-26.4 4.6-13 4.6-24.1 3.2-26.4-1.3-2.5-5-3.9-10.5-6.6z\"><\/path><\/svg>\t\t\t\t\t\t\t<\/span>\n\t\t\t\t\t\t\t\t\t\t\t\t\t\t\t\t\t\t\t\t\t\t<div class=\"elementor-share-btn__text\">\n\t\t\t\t\t\t\t\t\t\t\t\t\t\t\t\t\t\t\t<span class=\"elementor-share-btn__title\">\n\t\t\t\t\t\t\t\t\t\tWhatsApp\t\t\t\t\t\t\t\t\t<\/span>\n\t\t\t\t\t\t\t\t\t\t\t\t\t\t\t\t\t<\/div>\n\t\t\t\t\t\t\t\t\t\t\t\t\t<\/div>\n\t\t\t\t\t<\/div>\n\t\t\t\t\t\t\t\t\t<div class=\"elementor-grid-item\" role=\"listitem\">\n\t\t\t\t\t\t<div class=\"elementor-share-btn elementor-share-btn_email\" role=\"button\" tabindex=\"0\" aria-label=\"Partager sur email\">\n\t\t\t\t\t\t\t\t\t\t\t\t\t\t\t<span class=\"elementor-share-btn__icon\">\n\t\t\t\t\t\t\t\t<svg aria-hidden=\"true\" class=\"e-font-icon-svg e-fas-envelope\" viewbox=\"0 0 512 512\" xmlns=\"http:\/\/www.w3.org\/2000\/svg\"><path d=\"M502.3 190.8c3.9-3.1 9.7-.2 9.7 4.7V400c0 26.5-21.5 48-48 48H48c-26.5 0-48-21.5-48-48V195.6c0-5 5.7-7.8 9.7-4.7 22.4 17.4 52.1 39.5 154.1 113.6 21.1 15.4 56.7 47.8 92.2 47.6 35.7.3 72-32.8 92.3-47.6 102-74.1 131.6-96.3 154-113.7zM256 320c23.2.4 56.6-29.2 73.4-41.4 132.7-96.3 142.8-104.7 173.4-128.7 5.8-4.5 9.2-11.5 9.2-18.9v-19c0-26.5-21.5-48-48-48H48C21.5 64 0 85.5 0 112v19c0 7.4 3.4 14.3 9.2 18.9 30.6 23.9 40.7 32.4 173.4 128.7 16.8 12.2 50.2 41.8 73.4 41.4z\"><\/path><\/svg>\t\t\t\t\t\t\t<\/span>\n\t\t\t\t\t\t\t\t\t\t\t\t\t\t\t\t\t\t\t\t\t\t<div class=\"elementor-share-btn__text\">\n\t\t\t\t\t\t\t\t\t\t\t\t\t\t\t\t\t\t\t<span class=\"elementor-share-btn__title\">\n\t\t\t\t\t\t\t\t\t\tEmail\t\t\t\t\t\t\t\t\t<\/span>\n\t\t\t\t\t\t\t\t\t\t\t\t\t\t\t\t\t<\/div>\n\t\t\t\t\t\t\t\t\t\t\t\t\t<\/div>\n\t\t\t\t\t<\/div>\n\t\t\t\t\t\t<\/div>\n\t\t\t\t\t\t<\/div>\n\t\t\t\t<\/div>\n\t\t\t\t\t<\/div>\n\t\t\t\t<\/div>\n\t\t<div class=\"elementor-element elementor-element-d99e7f4 e-flex e-con-boxed e-con e-parent\" data-id=\"d99e7f4\" data-element_type=\"container\" data-e-type=\"container\">\n\t\t\t\t\t<div class=\"e-con-inner\">\n\t\t\t\t<div class=\"elementor-element elementor-element-ac22ea7 elementor-widget elementor-widget-spacer\" data-id=\"ac22ea7\" data-element_type=\"widget\" data-e-type=\"widget\" data-widget_type=\"spacer.default\">\n\t\t\t\t<div class=\"elementor-widget-container\">\n\t\t\t\t\t\t\t<div class=\"elementor-spacer\">\n\t\t\t<div class=\"elementor-spacer-inner\"><\/div>\n\t\t<\/div>\n\t\t\t\t\t\t<\/div>\n\t\t\t\t<\/div>\n\t\t\t\t\t<\/div>\n\t\t\t\t<\/div>\n\t\t\t\t<\/div>","protected":false},"excerpt":{"rendered":"<p>Wandern im Schwarzwald: Familienurlaub mit Erholung und Abenteuer Wandern im Schwarzwald entspannt, auch im Winter Der perfekte Familienurlaub mit Entspannung und Abenteuer Der Schwarzwald begeistert mit seinen dichten W\u00e4ldern, malerischen Landschaften und gut ausgebauten Wanderwegen \u2013 das ideale Ziel f\u00fcr Familien, die gemeinsam aktiv sein und die Natur entdecken m\u00f6chten. Unser familienfreundliches Hotel Sonnhof-Sonnhalde bietet [&hellip;]<\/p>\n","protected":false},"author":6,"featured_media":10483,"comment_status":"closed","ping_status":"open","sticky":false,"template":"","format":"standard","meta":{"footnotes":""},"categories":[47],"tags":[119,89,156,173,93,159,99,98,148,127,91,140,96,146,141,78,104,158,150,132,83,151,121,106,133,82,138,120,142,112,149,87,123,113,147,110,157,95,86,88,155,135,176,85,124,107,94,169,115,116,168,81,164,153,131,134,172,105,108,137,160,126,111,80,130,122,175,171,144,166,100,152,125,139,101,92,129,118,136,128,174,114,165,145,170,167,77,103,143,177,163,79,161,102,117,109,97,154,90,84,162],"class_list":["post-10479","post","type-post","status-publish","format-standard","has-post-thumbnail","hentry","category-sonnenhof-in-der-naehe-entspannte-ausfluege-natur-geniessen","tag-abenteuer","tag-abenteuerpfad","tag-abenteuerpfade","tag-abenteuerurlaub","tag-bad-wildbad","tag-barfusspfad","tag-barrierearm","tag-baumwipfelpfad","tag-berglandschaft","tag-bernau","tag-bernauer-hochtal","tag-bildungsweg","tag-das-kalte-herz","tag-entdeckungsreise","tag-entspannung-in-der-natur","tag-erholung","tag-erlebnispfad","tag-erlebnispfad-fuer-kinder","tag-erlebnisspielplatz","tag-erlebniswandern","tag-familienausflug","tag-familienfreizeit","tag-familienfreundliches-hotel","tag-familienfreundlichkeit","tag-familientipps","tag-familienwanderung","tag-familienwanderweg","tag-familienzeit","tag-ferien-im-schwarzwald","tag-flora-und-fauna","tag-freizeitgestaltung","tag-gesunde-bewegung","tag-gesundes-wandern","tag-grafenhausen","tag-grillstation","tag-hasenhorn","tag-herbstwanderung","tag-hochmoor","tag-hotel-sonnhof-sonnhalde","tag-interaktive-stationen","tag-kinderabenteuer","tag-kinderfreundliche-wanderung","tag-kinderparadies","tag-kinderwandern","tag-koerperliche-fitness","tag-lehrreiche-wanderung","tag-maerchenpfad","tag-maerchenpfad-schwarzwald","tag-moorlandschaft","tag-natur-entdecken","tag-naturaktivitaeten","tag-naturerlebnis","tag-naturerlebnis-schwarzwald","tag-naturliebhaber","tag-naturparadies","tag-naturschutz","tag-naturspielplatz","tag-naturverbundenheit","tag-outdoor-aktivitaeten","tag-outdoor-erlebnis","tag-outdoorabenteuer","tag-psychische-gesundheit","tag-schluehuewanapfad","tag-schwarzwald","tag-schwarzwaldgeheimnisse","tag-schwarzwaldlandschaft","tag-schwarzwaldpfade","tag-schwarzwaldwege","tag-schwarzwaldwunder","tag-sinneswahrnehmung","tag-sommerberg","tag-sommerwanderung","tag-sozialbindung","tag-spiel-und-spass","tag-spielstationen","tag-taubenmoos","tag-todtnau","tag-tourismus","tag-tourismusinfo","tag-umweltbewusstsein","tag-umweltbildung","tag-waldpfad","tag-waldspiele","tag-wanderabenteuer","tag-wanderfamilie","tag-wanderfreuden","tag-wandern","tag-wanderparadies","tag-wanderreise","tag-wandertipps","tag-wanderung-fuer-kinder","tag-wanderurlaub","tag-wanderurlaub-mit-kindern","tag-wanderwege","tag-wanderziele","tag-wichtelpfad","tag-wilhelm-hauff","tag-winterwanderung","tag-zauberwald-pfad","tag-zauberwaldpfade","tag-zauberweg"],"_links":{"self":[{"href":"https:\/\/sonnenhof-sonnhalde.de\/fr\/wp-json\/wp\/v2\/posts\/10479","targetHints":{"allow":["GET"]}}],"collection":[{"href":"https:\/\/sonnenhof-sonnhalde.de\/fr\/wp-json\/wp\/v2\/posts"}],"about":[{"href":"https:\/\/sonnenhof-sonnhalde.de\/fr\/wp-json\/wp\/v2\/types\/post"}],"author":[{"embeddable":true,"href":"https:\/\/sonnenhof-sonnhalde.de\/fr\/wp-json\/wp\/v2\/users\/6"}],"replies":[{"embeddable":true,"href":"https:\/\/sonnenhof-sonnhalde.de\/fr\/wp-json\/wp\/v2\/comments?post=10479"}],"version-history":[{"count":16,"href":"https:\/\/sonnenhof-sonnhalde.de\/fr\/wp-json\/wp\/v2\/posts\/10479\/revisions"}],"predecessor-version":[{"id":10736,"href":"https:\/\/sonnenhof-sonnhalde.de\/fr\/wp-json\/wp\/v2\/posts\/10479\/revisions\/10736"}],"wp:featuredmedia":[{"embeddable":true,"href":"https:\/\/sonnenhof-sonnhalde.de\/fr\/wp-json\/wp\/v2\/media\/10483"}],"wp:attachment":[{"href":"https:\/\/sonnenhof-sonnhalde.de\/fr\/wp-json\/wp\/v2\/media?parent=10479"}],"wp:term":[{"taxonomy":"category","embeddable":true,"href":"https:\/\/sonnenhof-sonnhalde.de\/fr\/wp-json\/wp\/v2\/categories?post=10479"},{"taxonomy":"post_tag","embeddable":true,"href":"https:\/\/sonnenhof-sonnhalde.de\/fr\/wp-json\/wp\/v2\/tags?post=10479"}],"curies":[{"name":"wp","href":"https:\/\/api.w.org\/{rel}","templated":true}]}}