{"id":4924,"date":"2023-11-13T11:12:35","date_gmt":"2023-11-13T10:12:35","guid":{"rendered":"https:\/\/sonnenhof-sonnhalde.de\/?p=4924"},"modified":"2024-11-05T15:57:24","modified_gmt":"2024-11-05T14:57:24","slug":"sentier-de-la-foret-de-boules-de-birkendorf","status":"publish","type":"post","link":"https:\/\/sonnenhof-sonnhalde.de\/fr\/kugelwaldpfad-birkendorf\/","title":{"rendered":"Sentier de la for\u00eat de boules Birkendorf"},"content":{"rendered":"<div data-elementor-type=\"wp-post\" data-elementor-id=\"4924\" class=\"elementor elementor-4924\" data-elementor-post-type=\"post\">\n\t\t\t\t<div class=\"elementor-element elementor-element-46c8469 e-flex e-con-boxed e-con e-parent\" data-id=\"46c8469\" data-element_type=\"container\" data-e-type=\"container\">\n\t\t\t\t\t<div class=\"e-con-inner\">\n\t\t\t\t\t<\/div>\n\t\t\t\t<\/div>\n\t\t<div class=\"elementor-element elementor-element-d0ccb01 e-flex e-con-boxed e-con e-parent\" data-id=\"d0ccb01\" data-element_type=\"container\" data-e-type=\"container\">\n\t\t\t\t\t<div class=\"e-con-inner\">\n\t\t\t\t<div class=\"elementor-element elementor-element-a8cae77 elementor-widget elementor-widget-heading\" data-id=\"a8cae77\" data-element_type=\"widget\" data-e-type=\"widget\" data-widget_type=\"heading.default\">\n\t\t\t\t<div class=\"elementor-widget-container\">\n\t\t\t\t\t<h1 class=\"elementor-heading-title elementor-size-default\">Sentier de la for\u00eat de boules Birkendorf<\/h1>\t\t\t\t<\/div>\n\t\t\t\t<\/div>\n\t\t\t\t<div class=\"elementor-element elementor-element-fd7abcc elementor-widget elementor-widget-heading\" data-id=\"fd7abcc\" data-element_type=\"widget\" data-e-type=\"widget\" data-widget_type=\"heading.default\">\n\t\t\t\t<div class=\"elementor-widget-container\">\n\t\t\t\t\t<h2 class=\"elementor-heading-title elementor-size-default\">Pont suspendu \u00e0 Todtnau<\/h2>\t\t\t\t<\/div>\n\t\t\t\t<\/div>\n\t\t\t\t<div class=\"elementor-element elementor-element-d03ffb4 elementor-widget elementor-widget-heading\" data-id=\"d03ffb4\" data-element_type=\"widget\" data-e-type=\"widget\" data-widget_type=\"heading.default\">\n\t\t\t\t<div class=\"elementor-widget-container\">\n\t\t\t\t\t<h2 class=\"elementor-heading-title elementor-size-default\">Lac de baignade Naturena - Nager dans une eau cristalline<\/h2>\t\t\t\t<\/div>\n\t\t\t\t<\/div>\n\t\t\t\t\t<\/div>\n\t\t\t\t<\/div>\n\t\t<div class=\"elementor-element elementor-element-0d8a739 e-flex e-con-boxed e-con e-parent\" data-id=\"0d8a739\" data-element_type=\"container\" data-e-type=\"container\">\n\t\t\t\t\t<div class=\"e-con-inner\">\n\t\t\t\t<div class=\"elementor-element elementor-element-920aad1 elementor-widget elementor-widget-text-editor\" data-id=\"920aad1\" data-element_type=\"widget\" data-e-type=\"widget\" data-widget_type=\"text-editor.default\">\n\t\t\t\t<div class=\"elementor-widget-container\">\n\t\t\t\t\t\t\t\t\t<p style=\"text-align: left;\"><strong>Lac de baignade Naturena<br \/><\/strong><b>Vivez ce plaisir de la baignade d'un genre particulier dans la piscine naturelle \"Naturena Badesee\" \u00e0 Birkendorf. Ce lac de baignade naturel astucieux, situ\u00e9 dans un endroit unique, offre aux visiteurs un bassin pour nageurs et non-nageurs avec un rocher de saut et un ponton. Les plus petits appr\u00e9cient l'aire de jeux avec des jeux de boue ainsi qu'une pataugeoire !<\/b><br \/><b>L'\u00e9puration de l'eau de source pure se fait via un \u00e9tang de r\u00e9g\u00e9n\u00e9ration avec filtre \u00e0 gravier. <\/b><\/p>\t\t\t\t\t\t\t\t<\/div>\n\t\t\t\t<\/div>\n\t\t\t\t\t<\/div>\n\t\t\t\t<\/div>\n\t\t<div class=\"elementor-element elementor-element-426e905 e-flex e-con-boxed e-con e-parent\" data-id=\"426e905\" data-element_type=\"container\" data-e-type=\"container\">\n\t\t\t\t\t<div class=\"e-con-inner\">\n\t\t<div class=\"elementor-element elementor-element-13b0bc0 e-con-full e-flex e-con e-child\" data-id=\"13b0bc0\" data-element_type=\"container\" data-e-type=\"container\">\n\t\t\t\t<div class=\"elementor-element elementor-element-cbeedac elementor-widget elementor-widget-text-editor\" data-id=\"cbeedac\" data-element_type=\"widget\" data-e-type=\"widget\" data-widget_type=\"text-editor.default\">\n\t\t\t\t<div class=\"elementor-widget-container\">\n\t\t\t\t\t\t\t\t\t<p><strong>Chiffres, donn\u00e9es, faits<\/strong><br \/>Le poids total du pont est de 730 tonnes, les pyl\u00f4nes p\u00e8sent 46 tonnes, la hauteur des pyl\u00f4nes est de 16 m\u00e8tres, le poids de la passerelle est de 55 tonnes, les c\u00e2bles porteurs p\u00e8sent 15,4 tonnes, le c\u00e2ble du vent mesure 3 tonnes, la port\u00e9e du pont est de 450 m\u00e8tres, la largeur du trottoir sera de 1,20 m, la capacit\u00e9 de charge maximale est de 1000 personnes et le diam\u00e8tre des c\u00e2bles porteurs est de 76 mm.<\/p>\t\t\t\t\t\t\t\t<\/div>\n\t\t\t\t<\/div>\n\t\t\t\t<\/div>\n\t\t<div class=\"elementor-element elementor-element-e0bcb56 e-con-full e-flex e-con e-child\" data-id=\"e0bcb56\" data-element_type=\"container\" data-e-type=\"container\">\n\t\t\t\t<div class=\"elementor-element elementor-element-b10f1de elementor-widget elementor-widget-image\" data-id=\"b10f1de\" data-element_type=\"widget\" data-e-type=\"widget\" data-widget_type=\"image.default\">\n\t\t\t\t<div class=\"elementor-widget-container\">\n\t\t\t\t\t\t\t\t\t\t\t\t<figure class=\"wp-caption\">\n\t\t\t\t\t\t\t\t\t\t<img decoding=\"async\" src=\"https:\/\/sonnenhof-sonnhalde.de\/wp-content\/uploads\/elementor\/thumbs\/20201014_132133-scaled-q9d7b8r189cagyzygf2uk21loki77vs3xcvlwmeyss.jpg\" title=\"20201014_132133\" alt=\"20201014_132133\" loading=\"lazy\" \/>\t\t\t\t\t\t\t\t\t\t\t<figcaption class=\"widget-image-caption wp-caption-text\">Profitez d'une vue imprenable \u00e0 vol d'oiseau <\/figcaption>\n\t\t\t\t\t\t\t\t\t\t<\/figure>\n\t\t\t\t\t\t\t\t\t<\/div>\n\t\t\t\t<\/div>\n\t\t\t\t<\/div>\n\t\t\t\t\t<\/div>\n\t\t\t\t<\/div>\n\t\t<div class=\"elementor-element elementor-element-801961d e-flex e-con-boxed e-con e-parent\" data-id=\"801961d\" data-element_type=\"container\" data-e-type=\"container\">\n\t\t\t\t\t<div class=\"e-con-inner\">\n\t\t<div class=\"elementor-element elementor-element-d724782 e-con-full e-flex e-con e-child\" data-id=\"d724782\" data-element_type=\"container\" data-e-type=\"container\">\n\t\t\t\t<div class=\"elementor-element elementor-element-fd7194f elementor-widget elementor-widget-text-editor\" data-id=\"fd7194f\" data-element_type=\"widget\" data-e-type=\"widget\" data-widget_type=\"text-editor.default\">\n\t\t\t\t<div class=\"elementor-widget-container\">\n\t\t\t\t\t\t\t\t\t<p><strong>Prix<br \/><\/strong>Enfants (de 6 \u00e0 14 ans inclus)<strong><br \/><\/strong>Entr\u00e9e aux chutes d'eau de Todtnau * 1,50 \u20ac.<strong><br \/><\/strong>Billet combin\u00e9 (pont et chute d'eau) * 9,00<\/p><p>Adultes (\u00e0 partir de 15 ans)<br \/>Entr\u00e9e aux chutes d'eau de Todtnau <sup>* <\/sup>2,50 \u20ac<br \/>Billet combin\u00e9 (pont et chute d'eau) * 12,00<\/p><p><strong>Heures d'ouverture<br \/><\/strong>Tous les jours de 9 \u00e0 18 heures<\/p><p><strong>Contact<br \/><\/strong>BlackForest Line Todtnau<strong><br \/><\/strong>79674 Todtnau- Hors du village 38<\/p><p>T\u00e9l\u00e9phone +49 7081 9557730<br \/>Courrier \u00e9lectronique : hello@blackforestline.de<\/p>\t\t\t\t\t\t\t\t<\/div>\n\t\t\t\t<\/div>\n\t\t\t\t<\/div>\n\t\t<div class=\"elementor-element elementor-element-a42bc3e e-con-full e-flex e-con e-child\" data-id=\"a42bc3e\" data-element_type=\"container\" data-e-type=\"container\">\n\t\t\t\t<div class=\"elementor-element elementor-element-fe7dad5 elementor-widget elementor-widget-image\" data-id=\"fe7dad5\" data-element_type=\"widget\" data-e-type=\"widget\" data-widget_type=\"image.default\">\n\t\t\t\t<div class=\"elementor-widget-container\">\n\t\t\t\t\t\t\t\t\t\t\t\t<figure class=\"wp-caption\">\n\t\t\t\t\t\t\t\t\t\t<img decoding=\"async\" src=\"https:\/\/sonnenhof-sonnhalde.de\/wp-content\/uploads\/elementor\/thumbs\/500-kb-\u00a9Michael-Corona_Blackforestline-125-3-scaled-qe1ffz5b9nd4wqyhb8juie8ca4men2gxgj2sac8bjg.jpg\" title=\"500 kb \u00a9Michael Corona_Blackforestline-125-3\" alt=\"500 kb \u00a9Michael Corona_Blackforestline-125-3\" loading=\"lazy\" \/>\t\t\t\t\t\t\t\t\t\t\t<figcaption class=\"widget-image-caption wp-caption-text\">Le pont suspendu au-dessus des chutes d'eau de Todtnau est long de 450 m\u00e8tres.<\/figcaption>\n\t\t\t\t\t\t\t\t\t\t<\/figure>\n\t\t\t\t\t\t\t\t\t<\/div>\n\t\t\t\t<\/div>\n\t\t\t\t<\/div>\n\t\t\t\t\t<\/div>\n\t\t\t\t<\/div>\n\t\t<div class=\"elementor-element elementor-element-3db0426 e-flex e-con-boxed e-con e-parent\" data-id=\"3db0426\" data-element_type=\"container\" data-e-type=\"container\">\n\t\t\t\t\t<div class=\"e-con-inner\">\n\t\t\t\t<div class=\"elementor-element elementor-element-2a8c902 elementor-widget elementor-widget-text-editor\" data-id=\"2a8c902\" data-element_type=\"widget\" data-e-type=\"widget\" data-widget_type=\"text-editor.default\">\n\t\t\t\t<div class=\"elementor-widget-container\">\n\t\t\t\t\t\t\t\t\t<h3 class=\"toggle-title\"><a class=\"toggle-heading\" href=\"https:\/\/blackforestline.de\/anreise\/#\" rel=\"nofollow noopener\" target=\"_blank\">Arriv\u00e9e en voiture<\/a><\/h3><div><div class=\"inner-toggle-wrap\"><div class=\"wpb_text_column wpb_content_element\"><div class=\"wpb_wrapper\"><p>De l'h\u00f4tel Sonnenhof-Sonnhalde, il y a \u00e0 peine 50 kilom\u00e8tres jusqu'au pont suspendu.<\/p><p>En voiture, vous pouvez utiliser les places de parking situ\u00e9es \u00e0 c\u00f4t\u00e9 du centre des visiteurs \u00e0 l'entr\u00e9e ouest du pont. Celles-ci se trouvent le long de la Kurhausstra\u00dfe en direction de Todtnauberg. Veuillez n'utiliser que les aires de stationnement marqu\u00e9es.<br \/>Si toutes les places de parking sont occup\u00e9es ici, tu peux utiliser les aires de stationnement d'Aftersteg \u00e0 l'entr\u00e9e de la cascade et combiner ta visite avec une petite randonn\u00e9e jusqu'au pont. Des parkings alternatifs se trouvent \u00e0 Todtnau et au Notschrei - d'o\u00f9 partent r\u00e9guli\u00e8rement des bus en direction de Todtnauberg.<\/p><\/div><\/div><\/div><\/div>\t\t\t\t\t\t\t\t<\/div>\n\t\t\t\t<\/div>\n\t\t\t\t\t<\/div>\n\t\t\t\t<\/div>\n\t\t<div class=\"elementor-element elementor-element-56a27c6 e-flex e-con-boxed e-con e-parent\" data-id=\"56a27c6\" data-element_type=\"container\" data-e-type=\"container\">\n\t\t\t\t\t<div class=\"e-con-inner\">\n\t\t\t\t<div class=\"elementor-element elementor-element-55bdc0a elementor-widget elementor-widget-text-editor\" data-id=\"55bdc0a\" data-element_type=\"widget\" data-e-type=\"widget\" data-widget_type=\"text-editor.default\">\n\t\t\t\t<div class=\"elementor-widget-container\">\n\t\t\t\t\t\t\t\t\t<p style=\"text-align: center;\"><strong>Pour toute la famille : vue magnifique et adr\u00e9naline pure au-dessus des chutes d'eau<\/strong><\/p>\t\t\t\t\t\t\t\t<\/div>\n\t\t\t\t<\/div>\n\t\t\t\t\t<\/div>\n\t\t\t\t<\/div>\n\t\t<div class=\"elementor-element elementor-element-2a5b021 e-flex e-con-boxed e-con e-parent\" data-id=\"2a5b021\" data-element_type=\"container\" data-e-type=\"container\">\n\t\t\t\t\t<div class=\"e-con-inner\">\n\t\t\t\t<div class=\"elementor-element elementor-element-0e22f46 elementor-widget elementor-widget-theme-post-featured-image elementor-widget-image\" data-id=\"0e22f46\" data-element_type=\"widget\" data-e-type=\"widget\" data-widget_type=\"theme-post-featured-image.default\">\n\t\t\t\t<div class=\"elementor-widget-container\">\n\t\t\t\t\t\t\t\t\t\t\t\t\t\t\t<img fetchpriority=\"high\" decoding=\"async\" width=\"800\" height=\"534\" src=\"https:\/\/sonnenhof-sonnhalde.de\/wp-content\/uploads\/2023\/09\/9W5A8942-Bearbeitet-1024x683.jpg\" class=\"attachment-large size-large wp-image-3767\" alt=\"\" srcset=\"https:\/\/sonnenhof-sonnhalde.de\/wp-content\/uploads\/2023\/09\/9W5A8942-Bearbeitet-1024x683.jpg 1024w, https:\/\/sonnenhof-sonnhalde.de\/wp-content\/uploads\/2023\/09\/9W5A8942-Bearbeitet-300x200.jpg 300w, https:\/\/sonnenhof-sonnhalde.de\/wp-content\/uploads\/2023\/09\/9W5A8942-Bearbeitet-768x512.jpg 768w, https:\/\/sonnenhof-sonnhalde.de\/wp-content\/uploads\/2023\/09\/9W5A8942-Bearbeitet-1536x1024.jpg 1536w, https:\/\/sonnenhof-sonnhalde.de\/wp-content\/uploads\/2023\/09\/9W5A8942-Bearbeitet-2048x1366.jpg 2048w, https:\/\/sonnenhof-sonnhalde.de\/wp-content\/uploads\/2023\/09\/9W5A8942-Bearbeitet-600x400.jpg 600w\" sizes=\"(max-width: 800px) 100vw, 800px\" title=\"\">\t\t\t\t\t\t\t\t\t\t\t\t\t\t\t<\/div>\n\t\t\t\t<\/div>\n\t\t\t\t\t<\/div>\n\t\t\t\t<\/div>\n\t\t\t\t<\/div>","protected":false},"excerpt":{"rendered":"<p>Kugelwaldpfad Birkendorf H\u00e4ngebr\u00fccke in Todtnau Naturena Badesee &#8211; Schwimmen im kristallklaren Wasser Naturena BadeseeErleben Sie dieses Badevergn\u00fcgen der besonderen Art im Naturerlebnisbad \u201eNaturena Badesee\u201c in Birkendorf. Der pfiffige Naturbadesee in einzigartiger Lage bietet den Besuchern einen Schwimmer- und Nichtschwimmerbeich mit Sprungfelsen und Steg. Beliebt bei den Kleinen der Spielplatz mit Matschspielanlage sowie ein Kinderbecken!Die Reinigung [&hellip;]<\/p>\n","protected":false},"author":4,"featured_media":3767,"comment_status":"open","ping_status":"open","sticky":false,"template":"elementor_header_footer","format":"standard","meta":{"footnotes":""},"categories":[47],"tags":[],"class_list":["post-4924","post","type-post","status-publish","format-standard","has-post-thumbnail","hentry","category-sonnenhof-in-der-naehe-entspannte-ausfluege-natur-geniessen"],"_links":{"self":[{"href":"https:\/\/sonnenhof-sonnhalde.de\/fr\/wp-json\/wp\/v2\/posts\/4924","targetHints":{"allow":["GET"]}}],"collection":[{"href":"https:\/\/sonnenhof-sonnhalde.de\/fr\/wp-json\/wp\/v2\/posts"}],"about":[{"href":"https:\/\/sonnenhof-sonnhalde.de\/fr\/wp-json\/wp\/v2\/types\/post"}],"author":[{"embeddable":true,"href":"https:\/\/sonnenhof-sonnhalde.de\/fr\/wp-json\/wp\/v2\/users\/4"}],"replies":[{"embeddable":true,"href":"https:\/\/sonnenhof-sonnhalde.de\/fr\/wp-json\/wp\/v2\/comments?post=4924"}],"version-history":[{"count":3,"href":"https:\/\/sonnenhof-sonnhalde.de\/fr\/wp-json\/wp\/v2\/posts\/4924\/revisions"}],"predecessor-version":[{"id":10780,"href":"https:\/\/sonnenhof-sonnhalde.de\/fr\/wp-json\/wp\/v2\/posts\/4924\/revisions\/10780"}],"wp:featuredmedia":[{"embeddable":true,"href":"https:\/\/sonnenhof-sonnhalde.de\/fr\/wp-json\/wp\/v2\/media\/3767"}],"wp:attachment":[{"href":"https:\/\/sonnenhof-sonnhalde.de\/fr\/wp-json\/wp\/v2\/media?parent=4924"}],"wp:term":[{"taxonomy":"category","embeddable":true,"href":"https:\/\/sonnenhof-sonnhalde.de\/fr\/wp-json\/wp\/v2\/categories?post=4924"},{"taxonomy":"post_tag","embeddable":true,"href":"https:\/\/sonnenhof-sonnhalde.de\/fr\/wp-json\/wp\/v2\/tags?post=4924"}],"curies":[{"name":"wp","href":"https:\/\/api.w.org\/{rel}","templated":true}]}}