{"id":4930,"date":"2023-11-13T11:16:39","date_gmt":"2023-11-13T10:16:39","guid":{"rendered":"https:\/\/sonnenhof-sonnhalde.de\/?p=4930"},"modified":"2024-11-11T15:27:00","modified_gmt":"2024-11-11T14:27:00","slug":"hotel-sonnhalde-espace-sauna","status":"publish","type":"post","link":"https:\/\/sonnenhof-sonnhalde.de\/fr\/hotel-sonnhalde-saunalandschaft\/","title":{"rendered":"H\u00f4tel Sonnhalde - Espace sauna"},"content":{"rendered":"<div data-elementor-type=\"wp-post\" data-elementor-id=\"4930\" class=\"elementor elementor-4930\" data-elementor-post-type=\"post\">\n\t\t\t\t<div class=\"elementor-element elementor-element-0fa3455 e-con-full e-flex e-con e-parent\" data-id=\"0fa3455\" data-element_type=\"container\" data-e-type=\"container\" data-settings=\"{&quot;background_background&quot;:&quot;video&quot;,&quot;background_video_start&quot;:2,&quot;background_video_end&quot;:15}\">\n\t\t\t\t<div class=\"elementor-element elementor-element-48d0d16 elementor-widget elementor-widget-spacer\" data-id=\"48d0d16\" data-element_type=\"widget\" data-e-type=\"widget\" data-widget_type=\"spacer.default\">\n\t\t\t\t<div class=\"elementor-widget-container\">\n\t\t\t\t\t\t\t<div class=\"elementor-spacer\">\n\t\t\t<div class=\"elementor-spacer-inner\"><\/div>\n\t\t<\/div>\n\t\t\t\t\t\t<\/div>\n\t\t\t\t<\/div>\n\t\t\t\t<div class=\"elementor-element elementor-element-fef5107 elementor-widget elementor-widget-image\" data-id=\"fef5107\" data-element_type=\"widget\" data-e-type=\"widget\" data-widget_type=\"image.default\">\n\t\t\t\t<div class=\"elementor-widget-container\">\n\t\t\t\t\t\t\t\t\t\t\t\t\t\t\t<img fetchpriority=\"high\" decoding=\"async\" width=\"300\" height=\"300\" src=\"https:\/\/sonnenhof-sonnhalde.de\/wp-content\/uploads\/2024\/07\/Sonnenhof_Logo_nur_Sonne_ohne_weissen_Hintergrund-300x300.webp\" class=\"attachment-medium size-medium wp-image-7436\" alt=\"\" srcset=\"https:\/\/sonnenhof-sonnhalde.de\/wp-content\/uploads\/2024\/07\/Sonnenhof_Logo_nur_Sonne_ohne_weissen_Hintergrund-300x300.webp 300w, https:\/\/sonnenhof-sonnhalde.de\/wp-content\/uploads\/2024\/07\/Sonnenhof_Logo_nur_Sonne_ohne_weissen_Hintergrund-150x150.webp 150w, https:\/\/sonnenhof-sonnhalde.de\/wp-content\/uploads\/2024\/07\/elementor\/thumbs\/Sonnenhof_Logo_nur_Sonne_ohne_weissen_Hintergrund-qqqkytivrflqdy2nwtqz02hb4z7sdu35cmzhfsbecg.webp 240w, https:\/\/sonnenhof-sonnhalde.de\/wp-content\/uploads\/2024\/07\/Sonnenhof_Logo_nur_Sonne_ohne_weissen_Hintergrund.webp 348w\" sizes=\"(max-width: 300px) 100vw, 300px\" title=\"\">\t\t\t\t\t\t\t\t\t\t\t\t\t\t\t<\/div>\n\t\t\t\t<\/div>\n\t\t\t\t<\/div>\n\t\t<div class=\"elementor-element elementor-element-69b4061 e-flex e-con-boxed e-con e-parent\" data-id=\"69b4061\" data-element_type=\"container\" data-e-type=\"container\">\n\t\t\t\t\t<div class=\"e-con-inner\">\n\t\t\t\t<div class=\"elementor-element elementor-element-608dfd7 elementor-widget elementor-widget-spacer\" data-id=\"608dfd7\" data-element_type=\"widget\" data-e-type=\"widget\" data-widget_type=\"spacer.default\">\n\t\t\t\t<div class=\"elementor-widget-container\">\n\t\t\t\t\t\t\t<div class=\"elementor-spacer\">\n\t\t\t<div class=\"elementor-spacer-inner\"><\/div>\n\t\t<\/div>\n\t\t\t\t\t\t<\/div>\n\t\t\t\t<\/div>\n\t\t\t\t\t<\/div>\n\t\t\t\t<\/div>\n\t\t<div class=\"elementor-element elementor-element-fc1ce35 e-flex e-con-boxed e-con e-parent\" data-id=\"fc1ce35\" data-element_type=\"container\" data-e-type=\"container\">\n\t\t\t\t\t<div class=\"e-con-inner\">\n\t\t\t\t<div class=\"elementor-element elementor-element-088e649 elementor-widget elementor-widget-heading\" data-id=\"088e649\" data-element_type=\"widget\" data-e-type=\"widget\" data-widget_type=\"heading.default\">\n\t\t\t\t<div class=\"elementor-widget-container\">\n\t\t\t\t\t<h1 class=\"elementor-heading-title elementor-size-default\">Espace sauna en For\u00eat-Noire<\/h1>\t\t\t\t<\/div>\n\t\t\t\t<\/div>\n\t\t\t\t\t<\/div>\n\t\t\t\t<\/div>\n\t\t<div class=\"elementor-element elementor-element-f8c32ea e-flex e-con-boxed e-con e-parent\" data-id=\"f8c32ea\" data-element_type=\"container\" data-e-type=\"container\">\n\t\t\t\t\t<div class=\"e-con-inner\">\n\t\t\t\t<div class=\"elementor-element elementor-element-49f5310 elementor-widget elementor-widget-text-editor\" data-id=\"49f5310\" data-element_type=\"widget\" data-e-type=\"widget\" data-widget_type=\"text-editor.default\">\n\t\t\t\t<div class=\"elementor-widget-container\">\n\t\t\t\t\t\t\t\t\t<p>Le site <span style=\"color: #333333;\"><strong>H\u00f4tel Sonnenhof <\/strong><\/span>offre un espace sauna complet pour les clients qui cherchent \u00e0 se d\u00e9tendre apr\u00e8s une journ\u00e9e dans la nature. Du sauna finlandais au sauna textile, les h\u00f4tes peuvent profiter d'une chaleur agr\u00e9able et bienfaisante et se reposer dans les salles de repos confortables. L'espace sauna relaxant compl\u00e8te parfaitement le s\u00e9jour \u00e0 l'h\u00f4tel et met le corps et l'esprit en harmonie.<\/p>\t\t\t\t\t\t\t\t<\/div>\n\t\t\t\t<\/div>\n\t\t\t\t\t<\/div>\n\t\t\t\t<\/div>\n\t\t<div class=\"elementor-element elementor-element-b2d2faf e-flex e-con-boxed e-con e-parent\" data-id=\"b2d2faf\" data-element_type=\"container\" data-e-type=\"container\">\n\t\t\t\t\t<div class=\"e-con-inner\">\n\t\t\t\t<div class=\"elementor-element elementor-element-1cd956b elementor-widget elementor-widget-spacer\" data-id=\"1cd956b\" data-element_type=\"widget\" data-e-type=\"widget\" data-widget_type=\"spacer.default\">\n\t\t\t\t<div class=\"elementor-widget-container\">\n\t\t\t\t\t\t\t<div class=\"elementor-spacer\">\n\t\t\t<div class=\"elementor-spacer-inner\"><\/div>\n\t\t<\/div>\n\t\t\t\t\t\t<\/div>\n\t\t\t\t<\/div>\n\t\t\t\t\t<\/div>\n\t\t\t\t<\/div>\n\t\t<div class=\"elementor-element elementor-element-f08fc84 e-flex e-con-boxed e-con e-parent\" data-id=\"f08fc84\" data-element_type=\"container\" data-e-type=\"container\">\n\t\t\t\t\t<div class=\"e-con-inner\">\n\t\t\t\t<div class=\"elementor-element elementor-element-aac0539 elementor-widget elementor-widget-heading\" data-id=\"aac0539\" data-element_type=\"widget\" data-e-type=\"widget\" data-widget_type=\"heading.default\">\n\t\t\t\t<div class=\"elementor-widget-container\">\n\t\t\t\t\t<h2 class=\"elementor-heading-title elementor-size-default\">Pont suspendu \u00e0 Todtnau<\/h2>\t\t\t\t<\/div>\n\t\t\t\t<\/div>\n\t\t\t\t\t<\/div>\n\t\t\t\t<\/div>\n\t\t<div class=\"elementor-element elementor-element-801961d e-flex e-con-boxed e-con e-parent\" data-id=\"801961d\" data-element_type=\"container\" data-e-type=\"container\">\n\t\t\t\t\t<div class=\"e-con-inner\">\n\t\t<div class=\"elementor-element elementor-element-d724782 e-con-full e-flex e-con e-child\" data-id=\"d724782\" data-element_type=\"container\" data-e-type=\"container\">\n\t\t\t\t<div class=\"elementor-element elementor-element-d8f5d4c elementor-widget elementor-widget-text-editor\" data-id=\"d8f5d4c\" data-element_type=\"widget\" data-e-type=\"widget\" data-widget_type=\"text-editor.default\">\n\t\t\t\t<div class=\"elementor-widget-container\">\n\t\t\t\t\t\t\t\t\t<p>Une exp\u00e9rience \u00e9poustouflante vous attend \u00e0 proximit\u00e9 de l'h\u00f4tel Sonnenhof : la <span style=\"color: #333333;\"><strong>Pont suspendu \u00e0 Todtnau<\/strong>.<\/span> Ce long pont flottant vous offre une vue spectaculaire sur le paysage de la For\u00eat-Noire et est particuli\u00e8rement appr\u00e9ci\u00e9 des amateurs d'aventure. C'est un point de vue unique pour appr\u00e9cier le paysage d'en haut et un point fort pour tous ceux qui cherchent une perspective inoubliable sur la nature.<\/p>\t\t\t\t\t\t\t\t<\/div>\n\t\t\t\t<\/div>\n\t\t\t\t<div class=\"elementor-element elementor-element-fd7194f elementor-widget elementor-widget-text-editor\" data-id=\"fd7194f\" data-element_type=\"widget\" data-e-type=\"widget\" data-widget_type=\"text-editor.default\">\n\t\t\t\t<div class=\"elementor-widget-container\">\n\t\t\t\t\t\t\t\t\t<p><strong><span style=\"color: #333333;\">Prix<\/span><br \/><\/strong>Enfants (de 6 \u00e0 14 ans inclus)<strong><br \/><\/strong>Entr\u00e9e aux chutes d'eau de Todtnau * 1,50 \u20ac.<strong><br \/><\/strong>Billet combin\u00e9 (pont et chute d'eau) * 9,00<\/p><p>Adultes (\u00e0 partir de 15 ans)<br \/>Entr\u00e9e aux chutes d'eau de Todtnau <sup>* <\/sup>2,50 \u20ac<br \/>Billet combin\u00e9 (pont et chute d'eau) * 12,00<\/p><p><strong><span style=\"color: #333333;\">Heures d'ouverture<\/span><br \/><\/strong>Tous les jours de 9 \u00e0 18 heures<\/p><p><strong><span style=\"color: #333333;\">Contact<\/span><br \/><\/strong>BlackForest Line Todtnau<strong><br \/><\/strong>79674 Todtnau- Hors du village 38<\/p><p>T\u00e9l\u00e9phone +49 7081 9557730<br \/>Courrier \u00e9lectronique : hello@blackforestline.de<\/p>\t\t\t\t\t\t\t\t<\/div>\n\t\t\t\t<\/div>\n\t\t\t\t<\/div>\n\t\t<div class=\"elementor-element elementor-element-a42bc3e e-con-full e-flex e-con e-child\" data-id=\"a42bc3e\" data-element_type=\"container\" data-e-type=\"container\">\n\t\t\t\t<div class=\"elementor-element elementor-element-fe7dad5 elementor-widget elementor-widget-image\" data-id=\"fe7dad5\" data-element_type=\"widget\" data-e-type=\"widget\" data-widget_type=\"image.default\">\n\t\t\t\t<div class=\"elementor-widget-container\">\n\t\t\t\t\t\t\t\t\t\t\t\t<figure class=\"wp-caption\">\n\t\t\t\t\t\t\t\t\t\t<img decoding=\"async\" src=\"https:\/\/sonnenhof-sonnhalde.de\/wp-content\/uploads\/elementor\/thumbs\/500-kb-\u00a9Michael-Corona_Blackforestline-125-3-scaled-qe1ffz5b9nd4wqyhb8juie8ca4men2gxgj2sac8bjg.jpg\" title=\"500 kb \u00a9Michael Corona_Blackforestline-125-3\" alt=\"500 kb \u00a9Michael Corona_Blackforestline-125-3\" loading=\"lazy\" \/>\t\t\t\t\t\t\t\t\t\t\t<figcaption class=\"widget-image-caption wp-caption-text\">Le pont suspendu au-dessus des chutes d'eau de Todtnau est long de 450 m\u00e8tres.<\/figcaption>\n\t\t\t\t\t\t\t\t\t\t<\/figure>\n\t\t\t\t\t\t\t\t\t<\/div>\n\t\t\t\t<\/div>\n\t\t\t\t<\/div>\n\t\t\t\t\t<\/div>\n\t\t\t\t<\/div>\n\t\t<div class=\"elementor-element elementor-element-f0459ff e-flex e-con-boxed e-con e-parent\" data-id=\"f0459ff\" data-element_type=\"container\" data-e-type=\"container\">\n\t\t\t\t\t<div class=\"e-con-inner\">\n\t\t\t\t<div class=\"elementor-element elementor-element-386a2b7 elementor-widget elementor-widget-spacer\" data-id=\"386a2b7\" data-element_type=\"widget\" data-e-type=\"widget\" data-widget_type=\"spacer.default\">\n\t\t\t\t<div class=\"elementor-widget-container\">\n\t\t\t\t\t\t\t<div class=\"elementor-spacer\">\n\t\t\t<div class=\"elementor-spacer-inner\"><\/div>\n\t\t<\/div>\n\t\t\t\t\t\t<\/div>\n\t\t\t\t<\/div>\n\t\t\t\t\t<\/div>\n\t\t\t\t<\/div>\n\t\t<div class=\"elementor-element elementor-element-d1f12e8 e-flex e-con-boxed e-con e-parent\" data-id=\"d1f12e8\" data-element_type=\"container\" data-e-type=\"container\">\n\t\t\t\t\t<div class=\"e-con-inner\">\n\t\t<div class=\"elementor-element elementor-element-90ed602 e-con-full e-flex e-con e-child\" data-id=\"90ed602\" data-element_type=\"container\" data-e-type=\"container\">\n\t\t<div class=\"elementor-element elementor-element-94aa02d e-flex e-con-boxed e-con e-child\" data-id=\"94aa02d\" data-element_type=\"container\" data-e-type=\"container\">\n\t\t\t\t\t<div class=\"e-con-inner\">\n\t\t\t\t<div class=\"elementor-element elementor-element-171fb45 elementor-widget elementor-widget-text-editor\" data-id=\"171fb45\" data-element_type=\"widget\" data-e-type=\"widget\" data-widget_type=\"text-editor.default\">\n\t\t\t\t<div class=\"elementor-widget-container\">\n\t\t\t\t\t\t\t\t\t<p><span style=\"color: #333333;\"><strong>Chiffres, donn\u00e9es, faits<\/strong><\/span><\/p><p>Le site <span style=\"color: #333333;\"><strong>Pont suspendu \u00e0 Todtnau<\/strong><\/span> est un ouvrage impressionnant, non seulement par sa longueur, mais aussi par sa construction robuste. Voici les principaux d\u00e9tails techniques du pont :<\/p><ul><li><span style=\"color: #333333;\"><strong>Poids total<\/strong>:<\/span> Le pont p\u00e8se au total 730 tonnes.<\/li><li><span style=\"color: #333333;\"><strong>Pyl\u00f4nes<\/strong>:<\/span> Les deux pyl\u00f4nes qui soutiennent le pont p\u00e8sent ensemble 46 tonnes et ont une hauteur impressionnante de 16 m\u00e8tres.<\/li><li><span style=\"color: #333333;\"><strong>Passerelle<\/strong>:<\/span> La passerelle du pont, qui constitue la surface de marche pour les visiteurs, p\u00e8se 55 tonnes.<\/li><li><span style=\"color: #333333;\"><strong>C\u00e2bles porteurs<\/strong>:<\/span> Les c\u00e2bles porteurs du pont p\u00e8sent 15,4 tonnes et ont un diam\u00e8tre de 76 millim\u00e8tres.<\/li><li><span style=\"color: #333333;\"><strong>Corde \u00e0 vent<\/strong>:<\/span> Pour prot\u00e9ger le pont en cas de vent fort, un c\u00e2ble de treuil d'un poids de 3 tonnes a \u00e9t\u00e9 install\u00e9.<\/li><li><span style=\"color: #333333;\"><strong>Envergure<\/strong>:<\/span> Le pont enjambe une longueur impressionnante de 450 m\u00e8tres.<\/li><li><span style=\"color: #333333;\"><strong>Largeur du trottoir<\/strong>:<\/span> Avec une largeur de trottoir de 1,20 m\u00e8tre, le pont offre de la place pour des travers\u00e9es s\u00fbres.<\/li><li><span style=\"color: #333333;\"><strong>Capacit\u00e9 de charge maximale<\/strong>:<\/span> Le pont peut accueillir jusqu'\u00e0 1 000 personnes, garantissant ainsi la stabilit\u00e9 et la s\u00e9curit\u00e9 de nombreux visiteurs en m\u00eame temps.<\/li><\/ul><p>Avec cette construction bien pens\u00e9e et des mat\u00e9riaux robustes, le pont suspendu de Todtnau allie l'ing\u00e9nierie moderne \u00e0 l'exp\u00e9rience de la nature et offre aux visiteurs une vue spectaculaire sur le paysage.<\/p>\t\t\t\t\t\t\t\t<\/div>\n\t\t\t\t<\/div>\n\t\t\t\t\t<\/div>\n\t\t\t\t<\/div>\n\t\t\t\t<\/div>\n\t\t<div class=\"elementor-element elementor-element-afd9279 e-con-full e-flex e-con e-child\" data-id=\"afd9279\" data-element_type=\"container\" data-e-type=\"container\">\n\t\t\t\t<div class=\"elementor-element elementor-element-2027450 elementor-widget elementor-widget-spacer\" data-id=\"2027450\" data-element_type=\"widget\" data-e-type=\"widget\" data-widget_type=\"spacer.default\">\n\t\t\t\t<div class=\"elementor-widget-container\">\n\t\t\t\t\t\t\t<div class=\"elementor-spacer\">\n\t\t\t<div class=\"elementor-spacer-inner\"><\/div>\n\t\t<\/div>\n\t\t\t\t\t\t<\/div>\n\t\t\t\t<\/div>\n\t\t\t\t<div class=\"elementor-element elementor-element-cf05262 elementor-widget elementor-widget-image\" data-id=\"cf05262\" data-element_type=\"widget\" data-e-type=\"widget\" data-widget_type=\"image.default\">\n\t\t\t\t<div class=\"elementor-widget-container\">\n\t\t\t\t\t\t\t\t\t\t\t\t<figure class=\"wp-caption\">\n\t\t\t\t\t\t\t\t\t\t<img decoding=\"async\" width=\"768\" height=\"576\" src=\"https:\/\/sonnenhof-sonnhalde.de\/wp-content\/uploads\/2023\/11\/IMG20230512170447-scaled1-768x576.webp\" class=\"attachment-medium_large size-medium_large wp-image-10831\" alt=\"\" srcset=\"https:\/\/sonnenhof-sonnhalde.de\/wp-content\/uploads\/2023\/11\/IMG20230512170447-scaled1-768x576.webp 768w, https:\/\/sonnenhof-sonnhalde.de\/wp-content\/uploads\/2023\/11\/IMG20230512170447-scaled1-300x225.webp 300w, https:\/\/sonnenhof-sonnhalde.de\/wp-content\/uploads\/2023\/11\/IMG20230512170447-scaled1-1024x768.webp 1024w, https:\/\/sonnenhof-sonnhalde.de\/wp-content\/uploads\/2023\/11\/IMG20230512170447-scaled1-1536x1152.webp 1536w, https:\/\/sonnenhof-sonnhalde.de\/wp-content\/uploads\/2023\/11\/IMG20230512170447-scaled1.webp 1920w\" sizes=\"(max-width: 768px) 100vw, 768px\" title=\"\">\t\t\t\t\t\t\t\t\t\t\t<figcaption class=\"widget-image-caption wp-caption-text\">Le pont suspendu de Todtnau - une prouesse architecturale qui allie nature et aventure.<\/figcaption>\n\t\t\t\t\t\t\t\t\t\t<\/figure>\n\t\t\t\t\t\t\t\t\t<\/div>\n\t\t\t\t<\/div>\n\t\t\t\t<\/div>\n\t\t\t\t\t<\/div>\n\t\t\t\t<\/div>\n\t\t<div class=\"elementor-element elementor-element-3db0426 e-flex e-con-boxed e-con e-parent\" data-id=\"3db0426\" data-element_type=\"container\" data-e-type=\"container\">\n\t\t\t\t\t<div class=\"e-con-inner\">\n\t\t\t\t<div class=\"elementor-element elementor-element-2a8c902 elementor-widget elementor-widget-text-editor\" data-id=\"2a8c902\" data-element_type=\"widget\" data-e-type=\"widget\" data-widget_type=\"text-editor.default\">\n\t\t\t\t<div class=\"elementor-widget-container\">\n\t\t\t\t\t\t\t\t\t<h3 class=\"toggle-title\"><a class=\"toggle-heading\" href=\"https:\/\/blackforestline.de\/anreise\/#\" rel=\"nofollow noopener\" target=\"_blank\">Arriv\u00e9e en voiture<\/a><\/h3><div><div class=\"inner-toggle-wrap\"><div class=\"wpb_text_column wpb_content_element\"><div class=\"wpb_wrapper\"><p>De l'h\u00f4tel Sonnenhof-Sonnhalde, il y a \u00e0 peine 50 kilom\u00e8tres jusqu'au pont suspendu.<\/p><p>En voiture, vous pouvez utiliser les places de parking situ\u00e9es \u00e0 c\u00f4t\u00e9 du centre des visiteurs \u00e0 l'entr\u00e9e ouest du pont. Celles-ci se trouvent le long de la Kurhausstra\u00dfe en direction de Todtnauberg. Veuillez n'utiliser que les aires de stationnement marqu\u00e9es.<br \/>Si toutes les places de parking sont occup\u00e9es ici, tu peux utiliser les aires de stationnement d'Aftersteg \u00e0 l'entr\u00e9e de la cascade et combiner ta visite avec une petite randonn\u00e9e jusqu'au pont. Des parkings alternatifs se trouvent \u00e0 Todtnau et au Notschrei - d'o\u00f9 partent r\u00e9guli\u00e8rement des bus en direction de Todtnauberg.<\/p><\/div><\/div><\/div><\/div>\t\t\t\t\t\t\t\t<\/div>\n\t\t\t\t<\/div>\n\t\t\t\t\t<\/div>\n\t\t\t\t<\/div>\n\t\t<div class=\"elementor-element elementor-element-f9277e4 e-flex e-con-boxed e-con e-parent\" data-id=\"f9277e4\" data-element_type=\"container\" data-e-type=\"container\">\n\t\t\t\t\t<div class=\"e-con-inner\">\n\t\t\t\t<div class=\"elementor-element elementor-element-26fa053 elementor-widget elementor-widget-spacer\" data-id=\"26fa053\" data-element_type=\"widget\" data-e-type=\"widget\" data-widget_type=\"spacer.default\">\n\t\t\t\t<div class=\"elementor-widget-container\">\n\t\t\t\t\t\t\t<div class=\"elementor-spacer\">\n\t\t\t<div class=\"elementor-spacer-inner\"><\/div>\n\t\t<\/div>\n\t\t\t\t\t\t<\/div>\n\t\t\t\t<\/div>\n\t\t\t\t\t<\/div>\n\t\t\t\t<\/div>\n\t\t<div class=\"elementor-element elementor-element-9cf0c45 e-flex e-con-boxed e-con e-parent\" data-id=\"9cf0c45\" data-element_type=\"container\" data-e-type=\"container\">\n\t\t\t\t\t<div class=\"e-con-inner\">\n\t\t<div class=\"elementor-element elementor-element-9dc1329 e-con-full e-flex e-con e-child\" data-id=\"9dc1329\" data-element_type=\"container\" data-e-type=\"container\">\n\t\t<div class=\"elementor-element elementor-element-d6e0294 e-flex e-con-boxed e-con e-child\" data-id=\"d6e0294\" data-element_type=\"container\" data-e-type=\"container\">\n\t\t\t\t\t<div class=\"e-con-inner\">\n\t\t\t\t<div class=\"elementor-element elementor-element-cb50053 elementor-widget elementor-widget-heading\" data-id=\"cb50053\" data-element_type=\"widget\" data-e-type=\"widget\" data-widget_type=\"heading.default\">\n\t\t\t\t<div class=\"elementor-widget-container\">\n\t\t\t\t\t<h3 class=\"elementor-heading-title elementor-size-default\">Lac de baignade Naturena - Nager dans une eau cristalline<\/h3>\t\t\t\t<\/div>\n\t\t\t\t<\/div>\n\t\t\t\t<div class=\"elementor-element elementor-element-d8524ad elementor-widget elementor-widget-spacer\" data-id=\"d8524ad\" data-element_type=\"widget\" data-e-type=\"widget\" data-widget_type=\"spacer.default\">\n\t\t\t\t<div class=\"elementor-widget-container\">\n\t\t\t\t\t\t\t<div class=\"elementor-spacer\">\n\t\t\t<div class=\"elementor-spacer-inner\"><\/div>\n\t\t<\/div>\n\t\t\t\t\t\t<\/div>\n\t\t\t\t<\/div>\n\t\t\t\t<div class=\"elementor-element elementor-element-ad22aad elementor-widget elementor-widget-text-editor\" data-id=\"ad22aad\" data-element_type=\"widget\" data-e-type=\"widget\" data-widget_type=\"text-editor.default\">\n\t\t\t\t<div class=\"elementor-widget-container\">\n\t\t\t\t\t\t\t\t\t<p><span style=\"color: #333333;\"><strong>Le lac de baignade Naturena<\/strong><\/span> \u00e0 Birkendorf invite \u00e0 la natation et \u00e0 la d\u00e9tente dans une eau cristalline. Cette piscine naturelle est un paradis pour les baigneurs et offre une zone pour nageurs et non-nageurs avec un rocher de plongeon et un ponton. Pour les petits visiteurs, il y a une aire de jeux tr\u00e8s appr\u00e9ci\u00e9e avec un jeu de boue et une pataugeoire id\u00e9ale pour les familles. La qualit\u00e9 de l'eau du lac est maintenue par un \u00e9tang de r\u00e9g\u00e9n\u00e9ration avec filtre \u00e0 gravier, ce qui assure la propret\u00e9 de mani\u00e8re naturelle.<\/p>\t\t\t\t\t\t\t\t<\/div>\n\t\t\t\t<\/div>\n\t\t\t\t\t<\/div>\n\t\t\t\t<\/div>\n\t\t\t\t<\/div>\n\t\t<div class=\"elementor-element elementor-element-4f7fef7 e-con-full e-flex e-con e-child\" data-id=\"4f7fef7\" data-element_type=\"container\" data-e-type=\"container\">\n\t\t\t\t<div class=\"elementor-element elementor-element-1d8bff2 elementor-widget elementor-widget-image\" data-id=\"1d8bff2\" data-element_type=\"widget\" data-e-type=\"widget\" data-widget_type=\"image.default\">\n\t\t\t\t<div class=\"elementor-widget-container\">\n\t\t\t\t\t\t\t\t\t\t\t\t<figure class=\"wp-caption\">\n\t\t\t\t\t\t\t\t\t\t<img decoding=\"async\" width=\"768\" height=\"620\" src=\"https:\/\/sonnenhof-sonnhalde.de\/wp-content\/uploads\/2023\/11\/naturena_steiger-768x620.webp\" class=\"attachment-medium_large size-medium_large wp-image-10830\" alt=\"\" srcset=\"https:\/\/sonnenhof-sonnhalde.de\/wp-content\/uploads\/2023\/11\/naturena_steiger-768x620.webp 768w, https:\/\/sonnenhof-sonnhalde.de\/wp-content\/uploads\/2023\/11\/naturena_steiger-300x242.webp 300w, https:\/\/sonnenhof-sonnhalde.de\/wp-content\/uploads\/2023\/11\/naturena_steiger.webp 900w\" sizes=\"(max-width: 768px) 100vw, 768px\" title=\"\">\t\t\t\t\t\t\t\t\t\t\t<figcaption class=\"widget-image-caption wp-caption-text\">Visitez le lac de baignade Naturena et profitez d'un plaisir de baignade unique au milieu du beau paysage de la For\u00eat-Noire !<\/figcaption>\n\t\t\t\t\t\t\t\t\t\t<\/figure>\n\t\t\t\t\t\t\t\t\t<\/div>\n\t\t\t\t<\/div>\n\t\t\t\t<\/div>\n\t\t\t\t\t<\/div>\n\t\t\t\t<\/div>\n\t\t<div class=\"elementor-element elementor-element-80e7bb7 e-flex e-con-boxed e-con e-parent\" data-id=\"80e7bb7\" data-element_type=\"container\" data-e-type=\"container\">\n\t\t\t\t\t<div class=\"e-con-inner\">\n\t\t\t\t<div class=\"elementor-element elementor-element-18c8718 elementor-widget elementor-widget-spacer\" data-id=\"18c8718\" data-element_type=\"widget\" data-e-type=\"widget\" data-widget_type=\"spacer.default\">\n\t\t\t\t<div class=\"elementor-widget-container\">\n\t\t\t\t\t\t\t<div class=\"elementor-spacer\">\n\t\t\t<div class=\"elementor-spacer-inner\"><\/div>\n\t\t<\/div>\n\t\t\t\t\t\t<\/div>\n\t\t\t\t<\/div>\n\t\t\t\t\t<\/div>\n\t\t\t\t<\/div>\n\t\t<div class=\"elementor-element elementor-element-751001a e-flex e-con-boxed e-con e-parent\" data-id=\"751001a\" data-element_type=\"container\" data-e-type=\"container\">\n\t\t\t\t\t<div class=\"e-con-inner\">\n\t\t\t\t<div class=\"elementor-element elementor-element-24d405a elementor-share-buttons--shape-circle elementor-grid-3 elementor-grid-mobile-1 elementor-share-buttons--view-icon-text elementor-share-buttons--skin-gradient elementor-share-buttons--color-official elementor-widget elementor-widget-share-buttons\" data-id=\"24d405a\" data-element_type=\"widget\" data-e-type=\"widget\" data-settings=\"{&quot;_animation&quot;:&quot;none&quot;,&quot;_animation_mobile&quot;:&quot;none&quot;}\" data-widget_type=\"share-buttons.default\">\n\t\t\t\t<div class=\"elementor-widget-container\">\n\t\t\t\t\t\t\t<div class=\"elementor-grid\" role=\"list\">\n\t\t\t\t\t\t\t\t<div class=\"elementor-grid-item\" role=\"listitem\">\n\t\t\t\t\t\t<div class=\"elementor-share-btn elementor-share-btn_facebook\" role=\"button\" tabindex=\"0\" aria-label=\"Partager sur facebook\" data-no-translation-aria-label=\"\">\n\t\t\t\t\t\t\t\t\t\t\t\t\t\t\t<span class=\"elementor-share-btn__icon\">\n\t\t\t\t\t\t\t\t<svg aria-hidden=\"true\" class=\"e-font-icon-svg e-fab-facebook\" viewbox=\"0 0 512 512\" xmlns=\"http:\/\/www.w3.org\/2000\/svg\"><path d=\"M504 256C504 119 393 8 256 8S8 119 8 256c0 123.78 90.69 226.38 209.25 245V327.69h-63V256h63v-54.64c0-62.15 37-96.48 93.67-96.48 27.14 0 55.52 4.84 55.52 4.84v61h-31.28c-30.8 0-40.41 19.12-40.41 38.73V256h68.78l-11 71.69h-57.78V501C413.31 482.38 504 379.78 504 256z\"><\/path><\/svg>\t\t\t\t\t\t\t<\/span>\n\t\t\t\t\t\t\t\t\t\t\t\t\t\t\t\t\t\t\t\t\t\t<div class=\"elementor-share-btn__text\">\n\t\t\t\t\t\t\t\t\t\t\t\t\t\t\t\t\t\t\t<span class=\"elementor-share-btn__title\">\n\t\t\t\t\t\t\t\t\t\tFacebook\t\t\t\t\t\t\t\t\t<\/span>\n\t\t\t\t\t\t\t\t\t\t\t\t\t\t\t\t\t<\/div>\n\t\t\t\t\t\t\t\t\t\t\t\t\t<\/div>\n\t\t\t\t\t<\/div>\n\t\t\t\t\t\t\t\t\t<div class=\"elementor-grid-item\" role=\"listitem\">\n\t\t\t\t\t\t<div class=\"elementor-share-btn elementor-share-btn_whatsapp\" role=\"button\" tabindex=\"0\" aria-label=\"Partager sur whatsapp\" data-no-translation-aria-label=\"\">\n\t\t\t\t\t\t\t\t\t\t\t\t\t\t\t<span class=\"elementor-share-btn__icon\">\n\t\t\t\t\t\t\t\t<svg aria-hidden=\"true\" class=\"e-font-icon-svg e-fab-whatsapp\" viewbox=\"0 0 448 512\" xmlns=\"http:\/\/www.w3.org\/2000\/svg\"><path d=\"M380.9 97.1C339 55.1 283.2 32 223.9 32c-122.4 0-222 99.6-222 222 0 39.1 10.2 77.3 29.6 111L0 480l117.7-30.9c32.4 17.7 68.9 27 106.1 27h.1c122.3 0 224.1-99.6 224.1-222 0-59.3-25.2-115-67.1-157zm-157 341.6c-33.2 0-65.7-8.9-94-25.7l-6.7-4-69.8 18.3L72 359.2l-4.4-7c-18.5-29.4-28.2-63.3-28.2-98.2 0-101.7 82.8-184.5 184.6-184.5 49.3 0 95.6 19.2 130.4 54.1 34.8 34.9 56.2 81.2 56.1 130.5 0 101.8-84.9 184.6-186.6 184.6zm101.2-138.2c-5.5-2.8-32.8-16.2-37.9-18-5.1-1.9-8.8-2.8-12.5 2.8-3.7 5.6-14.3 18-17.6 21.8-3.2 3.7-6.5 4.2-12 1.4-32.6-16.3-54-29.1-75.5-66-5.7-9.8 5.7-9.1 16.3-30.3 1.8-3.7.9-6.9-.5-9.7-1.4-2.8-12.5-30.1-17.1-41.2-4.5-10.8-9.1-9.3-12.5-9.5-3.2-.2-6.9-.2-10.6-.2-3.7 0-9.7 1.4-14.8 6.9-5.1 5.6-19.4 19-19.4 46.3 0 27.3 19.9 53.7 22.6 57.4 2.8 3.7 39.1 59.7 94.8 83.8 35.2 15.2 49 16.5 66.6 13.9 10.7-1.6 32.8-13.4 37.4-26.4 4.6-13 4.6-24.1 3.2-26.4-1.3-2.5-5-3.9-10.5-6.6z\"><\/path><\/svg>\t\t\t\t\t\t\t<\/span>\n\t\t\t\t\t\t\t\t\t\t\t\t\t\t\t\t\t\t\t\t\t\t<div class=\"elementor-share-btn__text\">\n\t\t\t\t\t\t\t\t\t\t\t\t\t\t\t\t\t\t\t<span class=\"elementor-share-btn__title\">\n\t\t\t\t\t\t\t\t\t\tWhatsApp\t\t\t\t\t\t\t\t\t<\/span>\n\t\t\t\t\t\t\t\t\t\t\t\t\t\t\t\t\t<\/div>\n\t\t\t\t\t\t\t\t\t\t\t\t\t<\/div>\n\t\t\t\t\t<\/div>\n\t\t\t\t\t\t\t\t\t<div class=\"elementor-grid-item\" role=\"listitem\">\n\t\t\t\t\t\t<div class=\"elementor-share-btn elementor-share-btn_email\" role=\"button\" tabindex=\"0\" aria-label=\"Partager sur email\" data-no-translation-aria-label=\"\">\n\t\t\t\t\t\t\t\t\t\t\t\t\t\t\t<span class=\"elementor-share-btn__icon\">\n\t\t\t\t\t\t\t\t<svg aria-hidden=\"true\" class=\"e-font-icon-svg e-fas-envelope\" viewbox=\"0 0 512 512\" xmlns=\"http:\/\/www.w3.org\/2000\/svg\"><path d=\"M502.3 190.8c3.9-3.1 9.7-.2 9.7 4.7V400c0 26.5-21.5 48-48 48H48c-26.5 0-48-21.5-48-48V195.6c0-5 5.7-7.8 9.7-4.7 22.4 17.4 52.1 39.5 154.1 113.6 21.1 15.4 56.7 47.8 92.2 47.6 35.7.3 72-32.8 92.3-47.6 102-74.1 131.6-96.3 154-113.7zM256 320c23.2.4 56.6-29.2 73.4-41.4 132.7-96.3 142.8-104.7 173.4-128.7 5.8-4.5 9.2-11.5 9.2-18.9v-19c0-26.5-21.5-48-48-48H48C21.5 64 0 85.5 0 112v19c0 7.4 3.4 14.3 9.2 18.9 30.6 23.9 40.7 32.4 173.4 128.7 16.8 12.2 50.2 41.8 73.4 41.4z\"><\/path><\/svg>\t\t\t\t\t\t\t<\/span>\n\t\t\t\t\t\t\t\t\t\t\t\t\t\t\t\t\t\t\t\t\t\t<div class=\"elementor-share-btn__text\">\n\t\t\t\t\t\t\t\t\t\t\t\t\t\t\t\t\t\t\t<span class=\"elementor-share-btn__title\">\n\t\t\t\t\t\t\t\t\t\tEmail\t\t\t\t\t\t\t\t\t<\/span>\n\t\t\t\t\t\t\t\t\t\t\t\t\t\t\t\t\t<\/div>\n\t\t\t\t\t\t\t\t\t\t\t\t\t<\/div>\n\t\t\t\t\t<\/div>\n\t\t\t\t\t\t<\/div>\n\t\t\t\t\t\t<\/div>\n\t\t\t\t<\/div>\n\t\t\t\t\t<\/div>\n\t\t\t\t<\/div>\n\t\t<div class=\"elementor-element elementor-element-7ce6e38 e-flex e-con-boxed e-con e-parent\" data-id=\"7ce6e38\" data-element_type=\"container\" data-e-type=\"container\">\n\t\t\t\t\t<div class=\"e-con-inner\">\n\t\t\t\t<div class=\"elementor-element elementor-element-45f6d88 elementor-widget elementor-widget-spacer\" data-id=\"45f6d88\" data-element_type=\"widget\" data-e-type=\"widget\" data-widget_type=\"spacer.default\">\n\t\t\t\t<div class=\"elementor-widget-container\">\n\t\t\t\t\t\t\t<div class=\"elementor-spacer\">\n\t\t\t<div class=\"elementor-spacer-inner\"><\/div>\n\t\t<\/div>\n\t\t\t\t\t\t<\/div>\n\t\t\t\t<\/div>\n\t\t\t\t\t<\/div>\n\t\t\t\t<\/div>\n\t\t\t\t<\/div>","protected":false},"excerpt":{"rendered":"<p>Saunalandschaft im Schwarzwald Das Hotel Sonnenhof bietet eine umfassende Saunalandschaft f\u00fcr G\u00e4ste, die nach einem Tag in der Natur Entspannung suchen. Von der finnischen Sauna bis zur Textilsauna k\u00f6nnen G\u00e4ste eine angenehme, wohltuende W\u00e4rme genie\u00dfen und sich in den komfortablen Ruher\u00e4umen ausruhen. Die entspannende Saunalandschaft rundet den Aufenthalt im Hotel perfekt ab und bringt K\u00f6rper [&hellip;]<\/p>\n","protected":false},"author":4,"featured_media":3176,"comment_status":"closed","ping_status":"open","sticky":false,"template":"elementor_header_footer","format":"standard","meta":{"footnotes":""},"categories":[47],"tags":[],"class_list":["post-4930","post","type-post","status-publish","format-standard","has-post-thumbnail","hentry","category-sonnenhof-in-der-naehe-entspannte-ausfluege-natur-geniessen"],"_links":{"self":[{"href":"https:\/\/sonnenhof-sonnhalde.de\/fr\/wp-json\/wp\/v2\/posts\/4930","targetHints":{"allow":["GET"]}}],"collection":[{"href":"https:\/\/sonnenhof-sonnhalde.de\/fr\/wp-json\/wp\/v2\/posts"}],"about":[{"href":"https:\/\/sonnenhof-sonnhalde.de\/fr\/wp-json\/wp\/v2\/types\/post"}],"author":[{"embeddable":true,"href":"https:\/\/sonnenhof-sonnhalde.de\/fr\/wp-json\/wp\/v2\/users\/4"}],"replies":[{"embeddable":true,"href":"https:\/\/sonnenhof-sonnhalde.de\/fr\/wp-json\/wp\/v2\/comments?post=4930"}],"version-history":[{"count":10,"href":"https:\/\/sonnenhof-sonnhalde.de\/fr\/wp-json\/wp\/v2\/posts\/4930\/revisions"}],"predecessor-version":[{"id":10922,"href":"https:\/\/sonnenhof-sonnhalde.de\/fr\/wp-json\/wp\/v2\/posts\/4930\/revisions\/10922"}],"wp:featuredmedia":[{"embeddable":true,"href":"https:\/\/sonnenhof-sonnhalde.de\/fr\/wp-json\/wp\/v2\/media\/3176"}],"wp:attachment":[{"href":"https:\/\/sonnenhof-sonnhalde.de\/fr\/wp-json\/wp\/v2\/media?parent=4930"}],"wp:term":[{"taxonomy":"category","embeddable":true,"href":"https:\/\/sonnenhof-sonnhalde.de\/fr\/wp-json\/wp\/v2\/categories?post=4930"},{"taxonomy":"post_tag","embeddable":true,"href":"https:\/\/sonnenhof-sonnhalde.de\/fr\/wp-json\/wp\/v2\/tags?post=4930"}],"curies":[{"name":"wp","href":"https:\/\/api.w.org\/{rel}","templated":true}]}}